{"id":30061,"global_id":"francescoeconomy.org\/es\/?id=30061","global_id_lineage":["francescoeconomy.org\/es\/?id=30061"],"author":"3","status":"publish","date":"2025-03-31 15:18:34","date_utc":"2025-03-31 13:18:34","modified":"2025-03-31 15:21:26","modified_utc":"2025-03-31 13:21:26","url":"https:\/\/francescoeconomy.org\/es\/living-eof-events\/economia-de-francisco-a-luz-da-fratelli-tutti\/","rest_url":"https:\/\/francescoeconomy.org\/es\/wp-json\/tribe\/events\/v1\/events\/30061","title":"Economia de Francisco \u00e0 luz da Fratelli Tutti","description":"<p>A Caritas Arquidiocesana de S\u00e3o Paulo \u2013 N\u00facleo Regional Lapa convida todas as pastorais sociais e demais interessados para forma\u00e7\u00e3o sobre a ECONOMIA DE FRANCISCO E CLARA \u00c0 LUZ DA FRATELLI TUTTI.<\/p>\n<p>Teremos a oportunidade de conhecer o que \u00e9 a Economia de Francisco, como e onde os grupos se organizam, quest\u00f5es pr\u00e1ticas de como pode ser implementada de forma individual, familiar, comunit\u00e1ria e social. Tamb\u00e9m nos ser\u00e1 apresentada a Funda\u00e7\u00e3o da Economia de Francisco. Tudo isso conversando com o documento Fratelli Tutti, do Papa Francisco, o qual nos compromete com a justi\u00e7a social e a constru\u00e7\u00e3o de um mundo melhor!<\/p>\n<p>A assessoria se dar\u00e1 pelo Dr. Alan Faria Andrade Silva, advogado, mestre e doutor em Direito pela PUC\/SP, p\u00f3s-doutorando pela Faculdade de Economia da Universidade de Coimbra, coordenador do N\u00facleo das Organiza\u00e7\u00f5es Religiosas da Comiss\u00e3o de Direito do Terceiro Setor da OAB\/SP, coordenador jur\u00eddico do SEFRAS, membro da Comunidade de Vida Crist\u00e3 \u2013 CVX, membro da assembleia da Funda\u00e7\u00e3o Economy of Francesco.<\/p>\n<p><b>Notes: <\/b>Se puder leve algo para partilharmos o caf\u00e9. Obrigada!<\/p>","excerpt":"<p>Teremos a oportunidade de conhecer o que \u00e9 a Economia de Francisco, como e onde os grupos se organizam, quest\u00f5es pr\u00e1ticas de como pode ser implementada de forma individual, familiar, comunit\u00e1ria e social. Tamb\u00e9m nos ser\u00e1 apresentada a Funda\u00e7\u00e3o da Economia de Francisco.<\/p>","slug":"economia-de-francisco-a-luz-da-fratelli-tutti","image":{"url":"https:\/\/francescoeconomy.org\/wp-content\/uploads\/2025\/03\/EoF-FT-SP-Lapa.jpg","id":30053,"extension":"jpg","width":1333,"height":943,"filesize":108457,"sizes":{"medium":{"width":300,"height":212,"mime-type":"image\/jpeg","filesize":15058,"url":"https:\/\/francescoeconomy.org\/wp-content\/uploads\/2025\/03\/EoF-FT-SP-Lapa-300x212.jpg"},"large":{"width":1024,"height":724,"mime-type":"image\/jpeg","filesize":86125,"url":"https:\/\/francescoeconomy.org\/wp-content\/uploads\/2025\/03\/EoF-FT-SP-Lapa-1024x724.jpg"},"thumbnail":{"width":150,"height":150,"mime-type":"image\/jpeg","filesize":9848,"url":"https:\/\/francescoeconomy.org\/wp-content\/uploads\/2025\/03\/EoF-FT-SP-Lapa-150x150.jpg"},"medium_large":{"width":768,"height":543,"mime-type":"image\/jpeg","filesize":58325,"url":"https:\/\/francescoeconomy.org\/wp-content\/uploads\/2025\/03\/EoF-FT-SP-Lapa-768x543.jpg"},"blog-large":{"width":669,"height":272,"mime-type":"image\/jpeg","filesize":31515,"url":"https:\/\/francescoeconomy.org\/wp-content\/uploads\/2025\/03\/EoF-FT-SP-Lapa-669x272.jpg"},"blog-medium":{"width":320,"height":202,"mime-type":"image\/jpeg","filesize":15387,"url":"https:\/\/francescoeconomy.org\/wp-content\/uploads\/2025\/03\/EoF-FT-SP-Lapa-320x202.jpg"},"recent-posts":{"width":700,"height":441,"mime-type":"image\/jpeg","filesize":45322,"url":"https:\/\/francescoeconomy.org\/wp-content\/uploads\/2025\/03\/EoF-FT-SP-Lapa-700x441.jpg"},"recent-works-thumbnail":{"width":66,"height":66,"mime-type":"image\/jpeg","filesize":5042,"url":"https:\/\/francescoeconomy.org\/wp-content\/uploads\/2025\/03\/EoF-FT-SP-Lapa-66x66.jpg"},"fusion-200":{"width":200,"height":141,"mime-type":"image\/jpeg","filesize":9151,"url":"https:\/\/francescoeconomy.org\/wp-content\/uploads\/2025\/03\/EoF-FT-SP-Lapa-200x141.jpg"},"fusion-400":{"width":400,"height":283,"mime-type":"image\/jpeg","filesize":21924,"url":"https:\/\/francescoeconomy.org\/wp-content\/uploads\/2025\/03\/EoF-FT-SP-Lapa-400x283.jpg"},"fusion-600":{"width":600,"height":424,"mime-type":"image\/jpeg","filesize":39883,"url":"https:\/\/francescoeconomy.org\/wp-content\/uploads\/2025\/03\/EoF-FT-SP-Lapa-600x424.jpg"},"fusion-800":{"width":800,"height":566,"mime-type":"image\/jpeg","filesize":59866,"url":"https:\/\/francescoeconomy.org\/wp-content\/uploads\/2025\/03\/EoF-FT-SP-Lapa-800x566.jpg"},"fusion-1200":{"width":1200,"height":849,"mime-type":"image\/jpeg","filesize":107869,"url":"https:\/\/francescoeconomy.org\/wp-content\/uploads\/2025\/03\/EoF-FT-SP-Lapa-1200x849.jpg"},"portfolio-full":{"width":940,"height":400,"mime-type":"image\/jpeg","filesize":50177,"url":"https:\/\/francescoeconomy.org\/wp-content\/uploads\/2025\/03\/EoF-FT-SP-Lapa-940x400.jpg"},"portfolio-one":{"width":540,"height":272,"mime-type":"image\/jpeg","filesize":26210,"url":"https:\/\/francescoeconomy.org\/wp-content\/uploads\/2025\/03\/EoF-FT-SP-Lapa-540x272.jpg"},"portfolio-two":{"width":460,"height":295,"mime-type":"image\/jpeg","filesize":24885,"url":"https:\/\/francescoeconomy.org\/wp-content\/uploads\/2025\/03\/EoF-FT-SP-Lapa-460x295.jpg"},"portfolio-three":{"width":300,"height":214,"mime-type":"image\/jpeg","filesize":15279,"url":"https:\/\/francescoeconomy.org\/wp-content\/uploads\/2025\/03\/EoF-FT-SP-Lapa-300x214.jpg"},"portfolio-five":{"width":177,"height":142,"mime-type":"image\/jpeg","filesize":9099,"url":"https:\/\/francescoeconomy.org\/wp-content\/uploads\/2025\/03\/EoF-FT-SP-Lapa-177x142.jpg"}}},"all_day":false,"start_date":"2025-04-26 08:30:00","start_date_details":{"year":"2025","month":"04","day":"26","hour":"08","minutes":"30","seconds":"00"},"end_date":"2025-04-26 12:00:00","end_date_details":{"year":"2025","month":"04","day":"26","hour":"12","minutes":"00","seconds":"00"},"utc_start_date":"2025-04-26 11:30:00","utc_start_date_details":{"year":"2025","month":"04","day":"26","hour":"11","minutes":"30","seconds":"00"},"utc_end_date":"2025-04-26 15:00:00","utc_end_date_details":{"year":"2025","month":"04","day":"26","hour":"15","minutes":"00","seconds":"00"},"timezone":"America\/Sao_Paulo","timezone_abbr":"-03","cost":"","cost_details":{"currency_symbol":"$","currency_code":"USD","currency_position":"prefix","values":[]},"website":"","show_map":true,"show_map_link":true,"hide_from_listings":false,"sticky":false,"featured":false,"categories":[{"name":"Living EoF","slug":"livingeof","term_group":0,"term_taxonomy_id":218,"taxonomy":"tribe_events_cat","description":"","parent":0,"count":436,"filter":"raw","id":218,"urls":{"self":"https:\/\/francescoeconomy.org\/es\/wp-json\/tribe\/events\/v1\/categories\/218","collection":"https:\/\/francescoeconomy.org\/es\/wp-json\/tribe\/events\/v1\/categories"}}],"tags":[],"venue":{"id":30054,"author":"3","status":"publish","date":"2025-03-31 15:18:38","date_utc":"2025-03-31 13:18:38","modified":"2025-03-31 15:18:38","modified_utc":"2025-03-31 13:18:38","url":"https:\/\/francescoeconomy.org\/es\/recinto\/no-salao-paroquial-da-paroquia-nossa-senhora-da-lapa\/","venue":"No sal\u00e3o paroquial da Par\u00f3quia Nossa Senhora da Lapa","slug":"no-salao-paroquial-da-paroquia-nossa-senhora-da-lapa","address":"Rua Nossa Sra da Lapa, 298","city":"S\u00e3o Paulo","country":"Brazil","province":"Brazil","stateprovince":"Brazil","json_ld":{"@type":"Place","name":"No sal\u00e3o paroquial da Par\u00f3quia Nossa Senhora da Lapa","description":"","url":"","address":{"@type":"PostalAddress","streetAddress":"Rua Nossa Sra da Lapa, 298","addressLocality":"S\u00e3o Paulo","addressRegion":"Brazil","addressCountry":"Brazil"},"telephone":"","sameAs":""},"show_map":true,"show_map_link":true,"global_id":"francescoeconomy.org\/es\/?id=30054","global_id_lineage":["francescoeconomy.org\/es\/?id=30054"]},"organizer":[{"id":30055,"author":"3","status":"publish","date":"2025-03-31 15:18:38","date_utc":"2025-03-31 13:18:38","modified":"2025-03-31 15:18:38","modified_utc":"2025-03-31 13:18:38","url":"https:\/\/francescoeconomy.org\/es\/organizador\/caritas-arquidiocesana-de-sao-paulo-nucleo-regional-lapa\/","organizer":"Caritas Arquidiocesana de S\u00e3o Paulo \u2013 N\u00facleo Regional Lapa","slug":"caritas-arquidiocesana-de-sao-paulo-nucleo-regional-lapa","json_ld":{"@type":"Person","name":"Caritas Arquidiocesana de S\u00e3o Paulo \u2013 N\u00facleo Regional Lapa","description":"","url":"","telephone":"","email":"","sameAs":""},"global_id":"francescoeconomy.org\/es\/?id=30055","global_id_lineage":["francescoeconomy.org\/es\/?id=30055"]}],"custom_fields":[],"json_ld":{"@context":"http:\/\/schema.org","@type":"Event","name":"Economia de Francisco \u00e0 luz da Fratelli Tutti","description":"&lt;p&gt;Teremos a oportunidade de conhecer o que \u00e9 a Economia de Francisco, como e onde os grupos se organizam, quest\u00f5es pr\u00e1ticas de como pode ser implementada de forma individual, familiar, comunit\u00e1ria e social. Tamb\u00e9m nos ser\u00e1 apresentada a Funda\u00e7\u00e3o da Economia de Francisco.&lt;\/p&gt;\\n","image":"https:\/\/francescoeconomy.org\/wp-content\/uploads\/2025\/03\/EoF-FT-SP-Lapa.jpg","url":"https:\/\/francescoeconomy.org\/es\/living-eof-events\/economia-de-francisco-a-luz-da-fratelli-tutti\/","eventAttendanceMode":"https:\/\/schema.org\/OfflineEventAttendanceMode","eventStatus":"https:\/\/schema.org\/EventScheduled","startDate":"2025-04-26T08:30:00-03:00","endDate":"2025-04-26T12:00:00-03:00","location":{"@type":"Place","name":"No sal\u00e3o paroquial da Par\u00f3quia Nossa Senhora da Lapa","description":"","url":"","address":{"@type":"PostalAddress","streetAddress":"Rua Nossa Sra da Lapa, 298","addressLocality":"S\u00e3o Paulo","addressRegion":"Brazil","addressCountry":"Brazil"},"telephone":"","sameAs":""},"organizer":{"@type":"Person","name":"Caritas Arquidiocesana de S\u00e3o Paulo \u2013 N\u00facleo Regional Lapa","description":"","url":"","telephone":"","email":"","sameAs":""},"performer":"Organization"}}