{"id":19473,"date":"2022-07-30T07:20:23","date_gmt":"2022-07-30T05:20:23","guid":{"rendered":"https:\/\/francescoeconomy.org\/del-mastro-victims-of-human-trafficking-are-victims-of-the-current-economy\/"},"modified":"2022-07-30T08:46:15","modified_gmt":"2022-07-30T06:46:15","slug":"del-mastro-victims-of-human-trafficking-are-victims-of-the-current-economy","status":"publish","type":"post","link":"https:\/\/francescoeconomy.org\/es\/del-mastro-victims-of-human-trafficking-are-victims-of-the-current-economy\/","title":{"rendered":"Del Mastro: Las v\u00edctimas de trata de personas son v\u00edctimas de la econom\u00eda actual"},"content":{"rendered":"<div class=\"fusion-fullwidth fullwidth-box fusion-builder-row-1 fusion-flex-container nonhundred-percent-fullwidth non-hundred-percent-height-scrolling\" style=\"--awb-border-radius-top-left:0px;--awb-border-radius-top-right:0px;--awb-border-radius-bottom-right:0px;--awb-border-radius-bottom-left:0px;--awb-flex-wrap:wrap;\" ><div class=\"fusion-builder-row fusion-row fusion-flex-align-items-flex-start fusion-flex-content-wrap\" style=\"max-width:1248px;margin-left: calc(-4% \/ 2 );margin-right: calc(-4% \/ 2 );\"><div class=\"fusion-layout-column fusion_builder_column fusion-builder-column-0 fusion_builder_column_1_1 1_1 fusion-flex-column\" style=\"--awb-bg-size:cover;--awb-width-large:100%;--awb-margin-top-large:0px;--awb-spacing-right-large:1.92%;--awb-margin-bottom-large:20px;--awb-spacing-left-large:1.92%;--awb-width-medium:100%;--awb-order-medium:0;--awb-spacing-right-medium:1.92%;--awb-spacing-left-medium:1.92%;--awb-width-small:100%;--awb-order-small:0;--awb-spacing-right-small:1.92%;--awb-spacing-left-small:1.92%;\"><div class=\"fusion-column-wrapper fusion-column-has-shadow fusion-flex-justify-content-flex-start fusion-content-layout-column\"><div class=\"fusion-image-element \" style=\"text-align:center;--awb-caption-title-font-family:var(--h2_typography-font-family);--awb-caption-title-font-weight:var(--h2_typography-font-weight);--awb-caption-title-font-style:var(--h2_typography-font-style);--awb-caption-title-size:var(--h2_typography-font-size);--awb-caption-title-transform:var(--h2_typography-text-transform);--awb-caption-title-line-height:var(--h2_typography-line-height);--awb-caption-title-letter-spacing:var(--h2_typography-letter-spacing);\"><span class=\" fusion-imageframe imageframe-none imageframe-1 hover-type-none\"><img decoding=\"async\" width=\"3240\" height=\"1080\" title=\"EOF BANNER (1)\" src=\"https:\/\/francescoeconomy.org\/wp-content\/uploads\/2022\/07\/EOF-BANNER-1-1.png\" data-orig-src=\"https:\/\/francescoeconomy.org\/wp-content\/uploads\/2022\/07\/EOF-BANNER-1-1.png\" alt class=\"lazyload img-responsive wp-image-19432\" srcset=\"data:image\/svg+xml,%3Csvg%20xmlns%3D%27http%3A%2F%2Fwww.w3.org%2F2000%2Fsvg%27%20width%3D%273240%27%20height%3D%271080%27%20viewBox%3D%270%200%203240%201080%27%3E%3Crect%20width%3D%273240%27%20height%3D%271080%27%20fill-opacity%3D%220%22%2F%3E%3C%2Fsvg%3E\" data-srcset=\"https:\/\/francescoeconomy.org\/wp-content\/uploads\/2022\/07\/EOF-BANNER-1-1-200x67.png 200w, https:\/\/francescoeconomy.org\/wp-content\/uploads\/2022\/07\/EOF-BANNER-1-1-400x133.png 400w, https:\/\/francescoeconomy.org\/wp-content\/uploads\/2022\/07\/EOF-BANNER-1-1-600x200.png 600w, https:\/\/francescoeconomy.org\/wp-content\/uploads\/2022\/07\/EOF-BANNER-1-1-800x267.png 800w, https:\/\/francescoeconomy.org\/wp-content\/uploads\/2022\/07\/EOF-BANNER-1-1-1200x400.png 1200w, https:\/\/francescoeconomy.org\/wp-content\/uploads\/2022\/07\/EOF-BANNER-1-1.png 3240w\" data-sizes=\"auto\" data-orig-sizes=\"(max-width: 720px) 100vw, (max-width: 640px) 100vw, 1200px\" \/><\/span><\/div><div class=\"fusion-text fusion-text-1\"><h1 style=\"text-align: center;\"><strong>Del Mastro: Las v\u00edctimas de trata de personas son v\u00edctimas de la econom\u00eda actual<\/strong><\/h1>\n<h3 style=\"text-align: center;\">En el marco del D\u00eda Mundial contra la Trata de Personas, entrevistamos a Nicol\u00e1s del Mastro, un joven argentino que se dedica a esta causa desde la Fundaci\u00f3n Alameda. Nos cuenta por qu\u00e9 el tema de la trata importa tanto en un entorno econ\u00f3mico. <strong>\u00abEse sistema que pone en el centro al dios dinero, que lo que hace es alterar todos los procesos de producci\u00f3n, maximizar ganancias, lo que hace es valerse del cuerpo de las personas como un instrumento, como un medio, como una mercanc\u00eda m\u00e1s y producir m\u00e1s dinero.\u00bb<\/strong><\/h3>\n<\/div><div class=\"fusion-text fusion-text-2\"><p><span style=\"font-weight: 400;\">Nicolas del Mastro es un joven de <strong>The Economy of Francesco<\/strong> (EoF) que participar\u00e1 en el <a href=\"https:\/\/francescoeconomy.org\/assisi2022\/?swcfpc=1\" target=\"_blank\" rel=\"noopener\">Evento Global en septiembre de este a\u00f1o<\/a>. \u00c9l es de Argentina y forma parte de una organizaci\u00f3n no gubernamental que se llama la Fundaci\u00f3n Alameda, que hace 20 a\u00f1os viene trabajando en Argentina en distintos lugares de nuestro pa\u00eds la lucha contra la trata y la explotaci\u00f3n de personas.<\/span><\/p>\n<p><strong>Nicol\u00e1s:<\/strong> H<span style=\"font-weight: 400;\">oy estamos cumpliendo algunas funciones en un \u00e1rea estatal de un organismo que impulsamos en su creaci\u00f3n como a partir de una ley. Transitando todo este trayecto y en ese marco, sum\u00e1ndose nos tambi\u00e9n con este mensaje de una econom\u00eda sin trata. Para nosotros forma parte del trabajo diario de este compromiso de la lucha contra la trata. Esta organizaci\u00f3n que empez\u00f3 a trav\u00e9s de una crisis econ\u00f3mica muy grande que vivi\u00f3 Argentina en el 2001. Tras esa crisis se organizaron la continuaci\u00f3n de algunos emprendimientos gastron\u00f3micos que hab\u00eda en la periferia de la Ciudad Aut\u00f3noma de Buenos Aires y esa continuaci\u00f3n de la explotaci\u00f3n de estos emprendimientos generaron espacios para garantizar seguridad alimentaria de las personas m\u00e1s vulnerables. Y a partir de ese di\u00e1logo empezamos a escuchar las historias de los hijos de la poblaci\u00f3n migrante que atravesaba situaciones de explotaci\u00f3n en talleres clandestinos textiles. Se empez\u00f3 la denuncia y el trabajo de todos esos lugares contra las mafias en el territorio. Y <strong>en ese trayecto conocimos al cardenal Bergoglio en ese momento, hoy el Papa Francisco, acompa\u00f1ando el reclamo de las v\u00edctimas por justicia<\/strong> ante esas situaciones de explotaci\u00f3n.<\/span><\/p>\n<\/div><\/div><\/div><div class=\"fusion-layout-column fusion_builder_column fusion-builder-column-1 fusion_builder_column_1_3 1_3 fusion-flex-column\" style=\"--awb-bg-size:cover;--awb-width-large:33.333333333333%;--awb-margin-top-large:0px;--awb-spacing-right-large:5.76%;--awb-margin-bottom-large:20px;--awb-spacing-left-large:5.76%;--awb-width-medium:100%;--awb-order-medium:0;--awb-spacing-right-medium:1.92%;--awb-spacing-left-medium:1.92%;--awb-width-small:100%;--awb-order-small:0;--awb-spacing-right-small:1.92%;--awb-spacing-left-small:1.92%;\"><div class=\"fusion-column-wrapper fusion-column-has-shadow fusion-flex-justify-content-flex-start fusion-content-layout-column\"><div class=\"fusion-image-element \" style=\"text-align:center;--awb-caption-title-font-family:var(--h2_typography-font-family);--awb-caption-title-font-weight:var(--h2_typography-font-weight);--awb-caption-title-font-style:var(--h2_typography-font-style);--awb-caption-title-size:var(--h2_typography-font-size);--awb-caption-title-transform:var(--h2_typography-text-transform);--awb-caption-title-line-height:var(--h2_typography-line-height);--awb-caption-title-letter-spacing:var(--h2_typography-letter-spacing);\"><span class=\" fusion-imageframe imageframe-none imageframe-2 hover-type-none\"><img decoding=\"async\" width=\"1080\" height=\"1080\" title=\"EoF POSTS (11)\" src=\"https:\/\/francescoeconomy.org\/wp-content\/uploads\/2022\/07\/EoF-POSTS-11.png\" data-orig-src=\"https:\/\/francescoeconomy.org\/wp-content\/uploads\/2022\/07\/EoF-POSTS-11.png\" alt class=\"lazyload img-responsive wp-image-19439\" srcset=\"data:image\/svg+xml,%3Csvg%20xmlns%3D%27http%3A%2F%2Fwww.w3.org%2F2000%2Fsvg%27%20width%3D%271080%27%20height%3D%271080%27%20viewBox%3D%270%200%201080%201080%27%3E%3Crect%20width%3D%271080%27%20height%3D%271080%27%20fill-opacity%3D%220%22%2F%3E%3C%2Fsvg%3E\" data-srcset=\"https:\/\/francescoeconomy.org\/wp-content\/uploads\/2022\/07\/EoF-POSTS-11-200x200.png 200w, https:\/\/francescoeconomy.org\/wp-content\/uploads\/2022\/07\/EoF-POSTS-11-400x400.png 400w, https:\/\/francescoeconomy.org\/wp-content\/uploads\/2022\/07\/EoF-POSTS-11-600x600.png 600w, https:\/\/francescoeconomy.org\/wp-content\/uploads\/2022\/07\/EoF-POSTS-11-800x800.png 800w, https:\/\/francescoeconomy.org\/wp-content\/uploads\/2022\/07\/EoF-POSTS-11.png 1080w\" data-sizes=\"auto\" data-orig-sizes=\"(max-width: 720px) 100vw, (max-width: 640px) 100vw, 400px\" \/><\/span><\/div><\/div><\/div><div class=\"fusion-layout-column fusion_builder_column fusion-builder-column-2 fusion_builder_column_2_3 2_3 fusion-flex-column\" style=\"--awb-bg-size:cover;--awb-width-large:66.666666666667%;--awb-margin-top-large:0px;--awb-spacing-right-large:2.88%;--awb-margin-bottom-large:20px;--awb-spacing-left-large:2.88%;--awb-width-medium:100%;--awb-order-medium:0;--awb-spacing-right-medium:1.92%;--awb-spacing-left-medium:1.92%;--awb-width-small:100%;--awb-order-small:0;--awb-spacing-right-small:1.92%;--awb-spacing-left-small:1.92%;\"><div class=\"fusion-column-wrapper fusion-column-has-shadow fusion-flex-justify-content-flex-start fusion-content-layout-column\"><div class=\"fusion-text fusion-text-3\"><h4><b>\u00bfHay, tal vez, alguna experiencia de c\u00f3mo era en ese entonces la Fundaci\u00f3n con el Cardenal Bergoglio al frente?<\/b><\/h4>\n<p><strong>Nicol\u00e1s:<\/strong> <span style=\"font-weight: 400;\">en ese momento el Estado no ten\u00eda una legislaci\u00f3n, es decir, no hab\u00eda una persecuci\u00f3n penal de estos delitos. La trata es un delito de crimen organizado. Y en Argentina se empezaban a organizar las instituciones del tercer sector o de las organizaciones de la comunidad que hac\u00edan acompa\u00f1amiento a familiares de v\u00edctimas, se hac\u00edan reclamos judicializando estas instancias, entonces hab\u00eda mucha participaci\u00f3n comunitaria en en una salida laboral ante esas situaciones dolorosa que atravesaban las las v\u00edctimas. Lo que primero se hac\u00eda en ese acompa\u00f1amiento a familiares de v\u00edctimas era escuchar y reclamar justicia. Muchas veces el mejor signo para esas situaciones eran las misas. Misas por una comunidad sin esclavos ni excluidos, en donde el cardenal Bergoglio en ese momento era quien presid\u00eda. Muchas veces esas misas se hac\u00edan en alguna plaza muy significativa de la ciudad, donde las ofrendas eran desde los expedientes judiciales que no se mov\u00edan, en una justicia inhumana. Y en ese momento, ese caminar que no lo hac\u00eda la pol\u00edtica, que no lo hac\u00eda ninguna instancia estatal, s\u00ed lo hac\u00eda una iglesia, la iglesia m\u00e1s cercana junto con la pastoral de migrantes.<\/span><\/p>\n<\/div><\/div><\/div><div class=\"fusion-layout-column fusion_builder_column fusion-builder-column-3 fusion_builder_column_1_1 1_1 fusion-flex-column\" style=\"--awb-bg-size:cover;--awb-width-large:100%;--awb-margin-top-large:0px;--awb-spacing-right-large:1.92%;--awb-margin-bottom-large:20px;--awb-spacing-left-large:1.92%;--awb-width-medium:100%;--awb-order-medium:0;--awb-spacing-right-medium:1.92%;--awb-spacing-left-medium:1.92%;--awb-width-small:100%;--awb-order-small:0;--awb-spacing-right-small:1.92%;--awb-spacing-left-small:1.92%;\"><div class=\"fusion-column-wrapper fusion-column-has-shadow fusion-flex-justify-content-flex-start fusion-content-layout-column\"><div class=\"fusion-text fusion-text-4\"><h4><b>Esta entrevista se enmarca sobre todo en el contexto de la conmemoraci\u00f3n del D\u00eda Internacional contra la Trata. Entonces, partamos de un campo com\u00fan. <span style=\"color: #85c095;\">\u00bfC\u00f3mo definimos la trata en estos momentos? <\/span><\/b><\/h4>\n<p><span style=\"font-weight: 400;\"><strong>Nicol\u00e1s:<\/strong> La trata y la explotaci\u00f3n de personas, algunas las describen como la la esclavitud moderna, la esclavitud del siglo 21. Estamos hablando de un delito, de un delito transnacional, de un delito de crimen complejo, de crimen organizado. As\u00ed lo define el Protocolo de Palermo, un instrumento internacional que tienen los pa\u00edses y que la enorme cantidad de pa\u00edses del sistema internacional han ratificado y se han comprometido en la lucha contra una de las violaciones m\u00e1s graves a los derechos humanos. Es un delito que afecta a la dignidad humana.<\/span><\/p>\n<p><span style=\"font-weight: 400;\">Por eso hay algunas voces, como la del Papa Francisco, que plantean la imprescriptibilidad de este delito. Y tiene que ver con el ofrecimiento, <strong>la captaci\u00f3n, el traslado, la recepci\u00f3n y acogida de personas con el fin de explotarla, es decir, con el fin de obtener un lucro.<\/strong> Una acumulaci\u00f3n mafiosa de capital que se produce del producido de los cuerpos, es decir, de personas que en un esquema de vulnerabilidad, ya sea por ser migrante, por su condici\u00f3n de g\u00e9nero, por su falta de acceso a la educaci\u00f3n, a la salud, est\u00e1n en un contexto de vulnerabilidad. A partir de eso se hace un control de su voluntad y se las traslada y ese traslado implica desproveerlo de todo su contexto afectivo y de residencia y de estar en una mayor dependencia de esa persona que lo traslad\u00f3.<\/span><\/p>\n<p><span style=\"font-weight: 400;\">Es reducirlo a una cosa, es desconocer la posibilidad que esa persona tenga identidad, tenga nacionalidad, tenga patrimonio, tenga libertad y que produzca dinero. Y tiene diversas formas. Como todos los delitos, la trata se adapta a la econom\u00eda, al territorio y a la virtualidad (por ejemplo, hoy en d\u00eda). La trata es un mecanismo de obtener recursos, ganancia a partir de una persona que es reducida a una cosa. La trata es una forma de violaci\u00f3n de los derechos humanos, porque afecta la dignidad humana y no permite que una persona pueda ser libremente considerada como tal. Eso es en concreto el delito de trata. Es un mecanismo de maximizaci\u00f3n de las ganancias a partir de la explotaci\u00f3n de una persona. <\/span><\/p>\n<\/div><\/div><\/div><div class=\"fusion-layout-column fusion_builder_column fusion-builder-column-4 fusion_builder_column_1_2 1_2 fusion-flex-column\" style=\"--awb-bg-size:cover;--awb-width-large:50%;--awb-margin-top-large:0px;--awb-spacing-right-large:3.84%;--awb-margin-bottom-large:20px;--awb-spacing-left-large:3.84%;--awb-width-medium:100%;--awb-order-medium:0;--awb-spacing-right-medium:1.92%;--awb-spacing-left-medium:1.92%;--awb-width-small:100%;--awb-order-small:0;--awb-spacing-right-small:1.92%;--awb-spacing-left-small:1.92%;\"><div class=\"fusion-column-wrapper fusion-column-has-shadow fusion-flex-justify-content-flex-start fusion-content-layout-column\"><div class=\"fusion-image-element \" style=\"--awb-caption-title-font-family:var(--h2_typography-font-family);--awb-caption-title-font-weight:var(--h2_typography-font-weight);--awb-caption-title-font-style:var(--h2_typography-font-style);--awb-caption-title-size:var(--h2_typography-font-size);--awb-caption-title-transform:var(--h2_typography-text-transform);--awb-caption-title-line-height:var(--h2_typography-line-height);--awb-caption-title-letter-spacing:var(--h2_typography-letter-spacing);\"><span class=\" fusion-imageframe imageframe-none imageframe-3 hover-type-none\"><img decoding=\"async\" width=\"1080\" height=\"1080\" title=\"EoF POSTS (12)\" src=\"https:\/\/francescoeconomy.org\/wp-content\/uploads\/2022\/07\/EoF-POSTS-12.png\" data-orig-src=\"https:\/\/francescoeconomy.org\/wp-content\/uploads\/2022\/07\/EoF-POSTS-12.png\" alt class=\"lazyload img-responsive wp-image-19450\" srcset=\"data:image\/svg+xml,%3Csvg%20xmlns%3D%27http%3A%2F%2Fwww.w3.org%2F2000%2Fsvg%27%20width%3D%271080%27%20height%3D%271080%27%20viewBox%3D%270%200%201080%201080%27%3E%3Crect%20width%3D%271080%27%20height%3D%271080%27%20fill-opacity%3D%220%22%2F%3E%3C%2Fsvg%3E\" data-srcset=\"https:\/\/francescoeconomy.org\/wp-content\/uploads\/2022\/07\/EoF-POSTS-12-200x200.png 200w, https:\/\/francescoeconomy.org\/wp-content\/uploads\/2022\/07\/EoF-POSTS-12-400x400.png 400w, https:\/\/francescoeconomy.org\/wp-content\/uploads\/2022\/07\/EoF-POSTS-12-600x600.png 600w, https:\/\/francescoeconomy.org\/wp-content\/uploads\/2022\/07\/EoF-POSTS-12-800x800.png 800w, https:\/\/francescoeconomy.org\/wp-content\/uploads\/2022\/07\/EoF-POSTS-12.png 1080w\" data-sizes=\"auto\" data-orig-sizes=\"(max-width: 720px) 100vw, (max-width: 640px) 100vw, 600px\" \/><\/span><\/div><\/div><\/div><div class=\"fusion-layout-column fusion_builder_column fusion-builder-column-5 fusion_builder_column_1_2 1_2 fusion-flex-column\" style=\"--awb-bg-size:cover;--awb-width-large:50%;--awb-margin-top-large:0px;--awb-spacing-right-large:3.84%;--awb-margin-bottom-large:20px;--awb-spacing-left-large:3.84%;--awb-width-medium:100%;--awb-order-medium:0;--awb-spacing-right-medium:1.92%;--awb-spacing-left-medium:1.92%;--awb-width-small:100%;--awb-order-small:0;--awb-spacing-right-small:1.92%;--awb-spacing-left-small:1.92%;\"><div class=\"fusion-column-wrapper fusion-column-has-shadow fusion-flex-justify-content-flex-start fusion-content-layout-column\"><div class=\"fusion-text fusion-text-5\"><h4><b>\u00bfPor qu\u00e9 importa tanto la cuesti\u00f3n de la trata en un entorno de econom\u00eda?\u00a0<\/b><\/h4>\n<p><span style=\"font-weight: 400;\"><strong>Nicol\u00e1s:<\/strong> Es clave porque en realidad cuando nosotros nos propusimos la necesidad de pensar, de trabajar y de hacer una nueva econom\u00eda, una econom\u00eda con rostro, con alma humana, tambi\u00e9n debemos ocuparnos de quienes son las v\u00edctimas de esa econom\u00eda, es decir, estos descartados, esta cultura del volquete, como la define Francisco. Y as\u00ed encontramos a las v\u00edctimas de trata, porque en realidad ese sistema que pone en el centro al dios dinero, que lo que hace es alterar todos los procesos de producci\u00f3n, maximizar ganancias, lo que hace es valerse del cuerpo de las personas como un instrumento, como un medio, como una mercanc\u00eda m\u00e1s y producir m\u00e1s dinero. Es necesario que el centro no sea esa maximizaci\u00f3n de las ganancias. Si nosotros queremos una nueva econom\u00eda, inevitablemente tenemos que pensar en una econom\u00eda sin trata y para eso necesitamos comunidades justas, equitativas, sustentables, sin esclavos ni excluidos.\u00a0<\/span><\/p>\n<p><span style=\"font-weight: 400;\">La precarizaci\u00f3n laboral, la explotaci\u00f3n infantil, la falta de autonom\u00eda econ\u00f3mica para las mujeres que precipita estas instancias de explotaci\u00f3n sexual, la situaci\u00f3n vinculada a la captaci\u00f3n que se hace a trav\u00e9s de hoy de la virtualidad, con un mont\u00f3n de situaciones que lo que hacen es una econom\u00eda que se aprovecha de ese contexto y que obtiene lucro, que acumula dinero.<\/span><\/p>\n<\/div><\/div><\/div><div class=\"fusion-layout-column fusion_builder_column fusion-builder-column-6 fusion_builder_column_1_1 1_1 fusion-flex-column\" style=\"--awb-bg-size:cover;--awb-width-large:100%;--awb-margin-top-large:0px;--awb-spacing-right-large:1.92%;--awb-margin-bottom-large:20px;--awb-spacing-left-large:1.92%;--awb-width-medium:100%;--awb-order-medium:0;--awb-spacing-right-medium:1.92%;--awb-spacing-left-medium:1.92%;--awb-width-small:100%;--awb-order-small:0;--awb-spacing-right-small:1.92%;--awb-spacing-left-small:1.92%;\"><div class=\"fusion-column-wrapper fusion-column-has-shadow fusion-flex-justify-content-flex-start fusion-content-layout-column\"><div class=\"fusion-text fusion-text-6\"><p><span style=\"font-weight: 400;\">Y necesitamos que modifiquemos de base, de fondo. Y eso es lo que nos habla la <em>Laudato Si&#8217;<\/em>. La Laudato Si&#8217; viene a decir bueno, esto es un drama socio ambiental. El clamor de los pobres que plantean esta necesidad de una econom\u00eda que no los instrumentalice, que no los utilice m\u00e1s.<\/span><\/p>\n<h4><b>\u00bfSe podr\u00eda hablar de industrias que se alimentan de la trata? \u00bfCu\u00e1les son, c\u00f3mo funcionan y c\u00f3mo las podemos identificar?\u00a0<\/b><\/h4>\n<p><span style=\"font-weight: 400;\">S\u00ed, sin duda que hay un mercado vinculado a la ilegalidad, un mercado que es el \u00e1mbito propicio para que proliferen todos estos mecanismos. Ni qu\u00e9 hablar de todo lo que tiene que ver con dinero, fruto de los tres delitos m\u00e1s rentables del mundo. La trata es uno de esos tres delito m\u00e1s rentables del mundo, tras el tr\u00e1fico de \u00f3rganos, el tr\u00e1fico de tejidos, el tr\u00e1fico de armas, el tr\u00e1fico de drogas, el tr\u00e1fico de personas y la trata. Y bueno, y hoy ha aumentado con esta virtualidad. Y tambi\u00e9n encontramos en muchas cadenas de valor vinculada a la reprimarizaci\u00f3n de la econom\u00eda. Esto que Francisco define en la Laudato como el sur global, proveyendo a la centralidad de materia prima, ese mecanismo extractivo. En esas cadenas de valor encontramos siempre alg\u00fan eslab\u00f3n que es fruto del trabajo esclavo, que est\u00e1 vinculada a la producci\u00f3n de alimentos, a la producci\u00f3n de indumentaria textil, a la informalidad en el mundo de la construcci\u00f3n, en la prestaci\u00f3n de los servicios de limpieza de casas particulares, del cuidado de personas, a la gastronom\u00eda. Es decir, hay muchas. Ni qu\u00e9 hablar de las grandes cadenas de valor de extractivistas vinculadas a la miner\u00eda.<\/span><\/p>\n<p><span style=\"font-weight: 400;\">Tiene que ver con el mundo del trabajo, tiene que ver con este nuevo mundo del trabajo que necesitamos que contemple las personas. No que lo que siga descartando.\u00a0<\/span><\/p>\n<h4><b>Ya que hablamos de c\u00f3mo identificarlo ahora nos preguntamos tambi\u00e9n <span style=\"color: #85c095;\">\u00bfc\u00f3mo podemos acabar con esta lacra que mueve millones de d\u00f3lares en oculto en todo el mundo? <\/span><\/b><\/h4>\n<p><span style=\"font-weight: 400;\">primero la necesidad de entender que este flagelo que implica una expresi\u00f3n de crimen organizado no puede encontrar a los estados desorganizados ni a la comunidad desorganizada. Es decir, lo que necesitamos es que los Estados redoblen los esfuerzos a trav\u00e9s de pol\u00edticas p\u00fablicas para garantizar la persecuci\u00f3n y sanci\u00f3n penal de este delito. Pensando en desmantelar la estructura econ\u00f3mica. Para eso es necesario: primero, el compromiso pol\u00edtico institucional. Pero a su vez, la implementaci\u00f3n de programas que permitan la reconstrucci\u00f3n de un horizonte de vida a las personas que sobreviven al delito de trata. Y en eso hay que pensar en tierra, techo y trabajo. Y obviamente, en lo que tiene que ver tambi\u00e9n en una comunidad que se comprometa y que diga \u00abbasta\u00bb, que diga \u00abno\u00bb a las mafias.<\/span><\/p>\n<\/div><\/div><\/div><div class=\"fusion-layout-column fusion_builder_column fusion-builder-column-7 fusion_builder_column_1_2 1_2 fusion-flex-column\" style=\"--awb-bg-size:cover;--awb-width-large:50%;--awb-margin-top-large:0px;--awb-spacing-right-large:3.84%;--awb-margin-bottom-large:20px;--awb-spacing-left-large:3.84%;--awb-width-medium:100%;--awb-order-medium:0;--awb-spacing-right-medium:1.92%;--awb-spacing-left-medium:1.92%;--awb-width-small:100%;--awb-order-small:0;--awb-spacing-right-small:1.92%;--awb-spacing-left-small:1.92%;\"><div class=\"fusion-column-wrapper fusion-column-has-shadow fusion-flex-justify-content-flex-start fusion-content-layout-column\"><div class=\"fusion-image-element \" style=\"text-align:center;--awb-caption-title-font-family:var(--h2_typography-font-family);--awb-caption-title-font-weight:var(--h2_typography-font-weight);--awb-caption-title-font-style:var(--h2_typography-font-style);--awb-caption-title-size:var(--h2_typography-font-size);--awb-caption-title-transform:var(--h2_typography-text-transform);--awb-caption-title-line-height:var(--h2_typography-line-height);--awb-caption-title-letter-spacing:var(--h2_typography-letter-spacing);\"><span class=\" fusion-imageframe imageframe-none imageframe-4 hover-type-none\"><img decoding=\"async\" width=\"1080\" height=\"1080\" title=\"EoF POSTS (13)\" src=\"data:image\/svg+xml,%3Csvg%20xmlns%3D%27http%3A%2F%2Fwww.w3.org%2F2000%2Fsvg%27%20width%3D%271080%27%20height%3D%271080%27%20viewBox%3D%270%200%201080%201080%27%3E%3Crect%20width%3D%271080%27%20height%3D%271080%27%20fill-opacity%3D%220%22%2F%3E%3C%2Fsvg%3E\" data-orig-src=\"https:\/\/francescoeconomy.org\/wp-content\/uploads\/2022\/07\/EoF-POSTS-13-e1659158052929.png\" alt class=\"lazyload img-responsive wp-image-19463\"\/><\/span><\/div><\/div><\/div><div class=\"fusion-layout-column fusion_builder_column fusion-builder-column-8 fusion_builder_column_1_2 1_2 fusion-flex-column\" style=\"--awb-bg-size:cover;--awb-width-large:50%;--awb-margin-top-large:0px;--awb-spacing-right-large:3.84%;--awb-margin-bottom-large:20px;--awb-spacing-left-large:3.84%;--awb-width-medium:100%;--awb-order-medium:0;--awb-spacing-right-medium:1.92%;--awb-spacing-left-medium:1.92%;--awb-width-small:100%;--awb-order-small:0;--awb-spacing-right-small:1.92%;--awb-spacing-left-small:1.92%;\"><div class=\"fusion-column-wrapper fusion-column-has-shadow fusion-flex-justify-content-flex-start fusion-content-layout-column\"><div class=\"fusion-text fusion-text-7\"><p><b>Nos encontramos a poco menos de dos meses del evento de As\u00eds. \u00bfQuisieras dejar un \u00faltimo mensaje sobre la trata, o bien para los j\u00f3venes que nos estamos preparando para para este encuentro en As\u00eds, en el que sobre todo, adquirimos un compromiso por construir una nueva econom\u00eda?<\/b><\/p>\n<p><span style=\"font-weight: 400;\">S\u00ed, sin duda. Aquellos y aquellas j\u00f3venes que respondimos esta propuesta a este llamado de Francisco a trabajar por una econom\u00eda con rostro y alma humana, en esta necesidad del tiempo de hoy que nos toca vivir, en donde queremos ser protagonistas, porque el futuro entra al mundo por nosotros, como dice Francisco, y no comprar ning\u00fan buz\u00f3n. Lo que queremos es trabajar por comunidades justas, equitativas, inclusivas, que garanticen tierra, techo y trabajo para no tener esclavos y excluidos. Y eso requiere del compromiso.<\/span><\/p>\n<\/div><\/div><\/div><div class=\"fusion-layout-column fusion_builder_column fusion-builder-column-9 fusion_builder_column_1_1 1_1 fusion-flex-column\" style=\"--awb-bg-size:cover;--awb-width-large:100%;--awb-margin-top-large:0px;--awb-spacing-right-large:1.92%;--awb-margin-bottom-large:20px;--awb-spacing-left-large:1.92%;--awb-width-medium:100%;--awb-order-medium:0;--awb-spacing-right-medium:1.92%;--awb-spacing-left-medium:1.92%;--awb-width-small:100%;--awb-order-small:0;--awb-spacing-right-small:1.92%;--awb-spacing-left-small:1.92%;\"><div class=\"fusion-column-wrapper fusion-column-has-shadow fusion-flex-justify-content-flex-start fusion-content-layout-column\"><div class=\"fusion-text fusion-text-8\"><p><span style=\"font-weight: 400;\">La necesidad de nuevas formas de producir, de consumir y de estilos de vida implican esto: volver a poner en el centro de nuestra relaci\u00f3n con nuestros hermanos y nuestras hermanas, con la tierra, con la casa com\u00fan, no pensando en la maximizaci\u00f3n de la ganancia y en el dios dinero como centro. El compromiso tiene que ver en ese sentido. Y para eso vamos As\u00eds, para pensar y trabajar y hacer en una econom\u00eda con rostro y alma humana.<\/span><\/p>\n<\/div><\/div><\/div><\/div><\/div>\n","protected":false},"excerpt":{"rendered":"<p>En el marco del D\u00eda Mundial contra la Trata de Personas, entrevistamos a Nicol\u00e1s del Mastro, un joven argentino que se dedica a esta causa desde la Fundaci\u00f3n Alameda. Nos cuenta por qu\u00e9 el tema de la trata importa tanto en un entorno econ\u00f3mico. \u00abEse sistema que pone en el centro al dios dinero, que lo que hace es alterar todos los procesos de producci\u00f3n, maximizar ganancias, lo que hace es valerse del cuerpo de las personas como un instrumento, como un medio, como una mercanc\u00eda m\u00e1s y producir m\u00e1s dinero.\u00bb<\/p>\n","protected":false},"author":3,"featured_media":19469,"comment_status":"open","ping_status":"closed","sticky":false,"template":"","format":"standard","meta":{"footnotes":""},"categories":[359,360,413,361,17,356,358,357],"tags":[],"class_list":["post-19473","post","type-post","status-publish","format-standard","has-post-thumbnail","hentry","category-eof-people-2-es","category-eof-people-es","category-life-and-lifestyle-es","category-main-stage-posts-es","category-noticias","category-territories-es","category-whats-on-2-es","category-whats-on-es"],"yoast_head":"<!-- This site is optimized with the Yoast SEO plugin v27.4 - https:\/\/yoast.com\/product\/yoast-seo-wordpress\/ -->\n<title>Del Mastro: Las v\u00edctimas de trata de personas son v\u00edctimas de la econom\u00eda actual | The Economy of Francesco<\/title>\n<meta name=\"description\" content=\"En el marco del D\u00eda Mundial contra la Trata de Personas, entrevistamos a Nicol\u00e1s del Mastro, un joven argentino que se dedica a esta causa desde la Fundaci\u00f3n Alameda. Nos cuenta por qu\u00e9 el tema de la trata importa tanto en un entorno econ\u00f3mico. \u00abEse sistema que pone en el centro al dios dinero, que lo que hace es alterar todos los procesos de producci\u00f3n, maximizar ganancias, lo que hace es valerse del cuerpo de las personas como un instrumento, como un medio, como una mercanc\u00eda m\u00e1s y producir m\u00e1s dinero.\u00bb\" \/>\n<meta name=\"robots\" content=\"index, follow, max-snippet:-1, max-image-preview:large, max-video-preview:-1\" \/>\n<link rel=\"canonical\" href=\"https:\/\/francescoeconomy.org\/es\/del-mastro-victims-of-human-trafficking-are-victims-of-the-current-economy\/\" \/>\n<meta property=\"og:locale\" content=\"es_ES\" \/>\n<meta property=\"og:type\" content=\"article\" \/>\n<meta property=\"og:title\" content=\"Del Mastro: Las v\u00edctimas de trata de personas son v\u00edctimas de la econom\u00eda actual | The Economy of Francesco\" \/>\n<meta property=\"og:description\" content=\"En el marco del D\u00eda Mundial contra la Trata de Personas, entrevistamos a Nicol\u00e1s del Mastro, un joven argentino que se dedica a esta causa desde la Fundaci\u00f3n Alameda. Nos cuenta por qu\u00e9 el tema de la trata importa tanto en un entorno econ\u00f3mico. \u00abEse sistema que pone en el centro al dios dinero, que lo que hace es alterar todos los procesos de producci\u00f3n, maximizar ganancias, lo que hace es valerse del cuerpo de las personas como un instrumento, como un medio, como una mercanc\u00eda m\u00e1s y producir m\u00e1s dinero.\u00bb\" \/>\n<meta property=\"og:url\" content=\"https:\/\/francescoeconomy.org\/es\/del-mastro-victims-of-human-trafficking-are-victims-of-the-current-economy\/\" \/>\n<meta property=\"og:site_name\" content=\"The Economy of Francesco\" \/>\n<meta property=\"article:published_time\" content=\"2022-07-30T05:20:23+00:00\" \/>\n<meta property=\"article:modified_time\" content=\"2022-07-30T06:46:15+00:00\" \/>\n<meta property=\"og:image\" content=\"https:\/\/francescoeconomy.org\/wp-content\/uploads\/2022\/07\/EoF-Side-Site-14-1.png\" \/>\n\t<meta property=\"og:image:width\" content=\"1024\" \/>\n\t<meta property=\"og:image:height\" content=\"563\" \/>\n\t<meta property=\"og:image:type\" content=\"image\/png\" \/>\n<meta name=\"author\" content=\"Redazione EoF2020\" \/>\n<meta name=\"twitter:card\" content=\"summary_large_image\" \/>\n<meta name=\"twitter:label1\" content=\"Escrito por\" \/>\n\t<meta name=\"twitter:data1\" content=\"Redazione EoF2020\" \/>\n\t<meta name=\"twitter:label2\" content=\"Tiempo de lectura\" \/>\n\t<meta name=\"twitter:data2\" content=\"15 minutos\" \/>\n<script type=\"application\/ld+json\" class=\"yoast-schema-graph\">{\"@context\":\"https:\\\/\\\/schema.org\",\"@graph\":[{\"@type\":\"Article\",\"@id\":\"https:\\\/\\\/francescoeconomy.org\\\/es\\\/del-mastro-victims-of-human-trafficking-are-victims-of-the-current-economy\\\/#article\",\"isPartOf\":{\"@id\":\"https:\\\/\\\/francescoeconomy.org\\\/es\\\/del-mastro-victims-of-human-trafficking-are-victims-of-the-current-economy\\\/\"},\"author\":{\"name\":\"Redazione EoF2020\",\"@id\":\"https:\\\/\\\/francescoeconomy.org\\\/#\\\/schema\\\/person\\\/0a4d32f78db94d19767e56c86230cbac\"},\"headline\":\"Del Mastro: Las v\u00edctimas de trata de personas son v\u00edctimas de la econom\u00eda actual\",\"datePublished\":\"2022-07-30T05:20:23+00:00\",\"dateModified\":\"2022-07-30T06:46:15+00:00\",\"mainEntityOfPage\":{\"@id\":\"https:\\\/\\\/francescoeconomy.org\\\/es\\\/del-mastro-victims-of-human-trafficking-are-victims-of-the-current-economy\\\/\"},\"wordCount\":5451,\"commentCount\":0,\"publisher\":{\"@id\":\"https:\\\/\\\/francescoeconomy.org\\\/#organization\"},\"image\":{\"@id\":\"https:\\\/\\\/francescoeconomy.org\\\/es\\\/del-mastro-victims-of-human-trafficking-are-victims-of-the-current-economy\\\/#primaryimage\"},\"thumbnailUrl\":\"https:\\\/\\\/francescoeconomy.org\\\/wp-content\\\/uploads\\\/2022\\\/07\\\/EoF-Side-Site-14-1.png\",\"articleSection\":[\"EoF PEOPLE\",\"EoF PEOPLE\",\"Life and Lifestyle\",\"Main Stage\",\"Noticias\",\"Territories\",\"WHAT&#8217;S ON\",\"WHAT&#8217;S ON\"],\"inLanguage\":\"es\",\"potentialAction\":[{\"@type\":\"CommentAction\",\"name\":\"Comment\",\"target\":[\"https:\\\/\\\/francescoeconomy.org\\\/es\\\/del-mastro-victims-of-human-trafficking-are-victims-of-the-current-economy\\\/#respond\"]}]},{\"@type\":\"WebPage\",\"@id\":\"https:\\\/\\\/francescoeconomy.org\\\/es\\\/del-mastro-victims-of-human-trafficking-are-victims-of-the-current-economy\\\/\",\"url\":\"https:\\\/\\\/francescoeconomy.org\\\/es\\\/del-mastro-victims-of-human-trafficking-are-victims-of-the-current-economy\\\/\",\"name\":\"Del Mastro: Las v\u00edctimas de trata de personas son v\u00edctimas de la econom\u00eda actual | The Economy of Francesco\",\"isPartOf\":{\"@id\":\"https:\\\/\\\/francescoeconomy.org\\\/#website\"},\"primaryImageOfPage\":{\"@id\":\"https:\\\/\\\/francescoeconomy.org\\\/es\\\/del-mastro-victims-of-human-trafficking-are-victims-of-the-current-economy\\\/#primaryimage\"},\"image\":{\"@id\":\"https:\\\/\\\/francescoeconomy.org\\\/es\\\/del-mastro-victims-of-human-trafficking-are-victims-of-the-current-economy\\\/#primaryimage\"},\"thumbnailUrl\":\"https:\\\/\\\/francescoeconomy.org\\\/wp-content\\\/uploads\\\/2022\\\/07\\\/EoF-Side-Site-14-1.png\",\"datePublished\":\"2022-07-30T05:20:23+00:00\",\"dateModified\":\"2022-07-30T06:46:15+00:00\",\"description\":\"En el marco del D\u00eda Mundial contra la Trata de Personas, entrevistamos a Nicol\u00e1s del Mastro, un joven argentino que se dedica a esta causa desde la Fundaci\u00f3n Alameda. Nos cuenta por qu\u00e9 el tema de la trata importa tanto en un entorno econ\u00f3mico. \u00abEse sistema que pone en el centro al dios dinero, que lo que hace es alterar todos los procesos de producci\u00f3n, maximizar ganancias, lo que hace es valerse del cuerpo de las personas como un instrumento, como un medio, como una mercanc\u00eda m\u00e1s y producir m\u00e1s dinero.\u00bb\",\"breadcrumb\":{\"@id\":\"https:\\\/\\\/francescoeconomy.org\\\/es\\\/del-mastro-victims-of-human-trafficking-are-victims-of-the-current-economy\\\/#breadcrumb\"},\"inLanguage\":\"es\",\"potentialAction\":[{\"@type\":\"ReadAction\",\"target\":[\"https:\\\/\\\/francescoeconomy.org\\\/es\\\/del-mastro-victims-of-human-trafficking-are-victims-of-the-current-economy\\\/\"]}]},{\"@type\":\"ImageObject\",\"inLanguage\":\"es\",\"@id\":\"https:\\\/\\\/francescoeconomy.org\\\/es\\\/del-mastro-victims-of-human-trafficking-are-victims-of-the-current-economy\\\/#primaryimage\",\"url\":\"https:\\\/\\\/francescoeconomy.org\\\/wp-content\\\/uploads\\\/2022\\\/07\\\/EoF-Side-Site-14-1.png\",\"contentUrl\":\"https:\\\/\\\/francescoeconomy.org\\\/wp-content\\\/uploads\\\/2022\\\/07\\\/EoF-Side-Site-14-1.png\",\"width\":1024,\"height\":563},{\"@type\":\"BreadcrumbList\",\"@id\":\"https:\\\/\\\/francescoeconomy.org\\\/es\\\/del-mastro-victims-of-human-trafficking-are-victims-of-the-current-economy\\\/#breadcrumb\",\"itemListElement\":[{\"@type\":\"ListItem\",\"position\":1,\"name\":\"Home\",\"item\":\"https:\\\/\\\/francescoeconomy.org\\\/es\\\/\"},{\"@type\":\"ListItem\",\"position\":2,\"name\":\"Del Mastro: Las v\u00edctimas de trata de personas son v\u00edctimas de la econom\u00eda actual\"}]},{\"@type\":\"WebSite\",\"@id\":\"https:\\\/\\\/francescoeconomy.org\\\/#website\",\"url\":\"https:\\\/\\\/francescoeconomy.org\\\/\",\"name\":\"The Economy of Francesco\",\"description\":\"Young people, a commitment, the future\",\"publisher\":{\"@id\":\"https:\\\/\\\/francescoeconomy.org\\\/#organization\"},\"potentialAction\":[{\"@type\":\"SearchAction\",\"target\":{\"@type\":\"EntryPoint\",\"urlTemplate\":\"https:\\\/\\\/francescoeconomy.org\\\/?s={search_term_string}\"},\"query-input\":{\"@type\":\"PropertyValueSpecification\",\"valueRequired\":true,\"valueName\":\"search_term_string\"}}],\"inLanguage\":\"es\"},{\"@type\":\"Organization\",\"@id\":\"https:\\\/\\\/francescoeconomy.org\\\/#organization\",\"name\":\"The Economy of Francesco\",\"url\":\"https:\\\/\\\/francescoeconomy.org\\\/\",\"logo\":{\"@type\":\"ImageObject\",\"inLanguage\":\"es\",\"@id\":\"https:\\\/\\\/francescoeconomy.org\\\/#\\\/schema\\\/logo\\\/image\\\/\",\"url\":\"https:\\\/\\\/francescoeconomy.org\\\/wp-content\\\/uploads\\\/2019\\\/06\\\/Logo-EoF2020-tracciato.png\",\"contentUrl\":\"https:\\\/\\\/francescoeconomy.org\\\/wp-content\\\/uploads\\\/2019\\\/06\\\/Logo-EoF2020-tracciato.png\",\"width\":513,\"height\":513,\"caption\":\"The Economy of Francesco\"},\"image\":{\"@id\":\"https:\\\/\\\/francescoeconomy.org\\\/#\\\/schema\\\/logo\\\/image\\\/\"}},{\"@type\":\"Person\",\"@id\":\"https:\\\/\\\/francescoeconomy.org\\\/#\\\/schema\\\/person\\\/0a4d32f78db94d19767e56c86230cbac\",\"name\":\"Redazione EoF2020\",\"image\":{\"@type\":\"ImageObject\",\"inLanguage\":\"es\",\"@id\":\"https:\\\/\\\/secure.gravatar.com\\\/avatar\\\/51c54530e7ca8d246384f0e18612ba96bd45ad0728553869a5bef56e89529ab9?s=96&d=mm&r=g\",\"url\":\"https:\\\/\\\/secure.gravatar.com\\\/avatar\\\/51c54530e7ca8d246384f0e18612ba96bd45ad0728553869a5bef56e89529ab9?s=96&d=mm&r=g\",\"contentUrl\":\"https:\\\/\\\/secure.gravatar.com\\\/avatar\\\/51c54530e7ca8d246384f0e18612ba96bd45ad0728553869a5bef56e89529ab9?s=96&d=mm&r=g\",\"caption\":\"Redazione EoF2020\"}}]}<\/script>\n<!-- \/ Yoast SEO plugin. -->","yoast_head_json":{"title":"Del Mastro: Las v\u00edctimas de trata de personas son v\u00edctimas de la econom\u00eda actual | The Economy of Francesco","description":"En el marco del D\u00eda Mundial contra la Trata de Personas, entrevistamos a Nicol\u00e1s del Mastro, un joven argentino que se dedica a esta causa desde la Fundaci\u00f3n Alameda. Nos cuenta por qu\u00e9 el tema de la trata importa tanto en un entorno econ\u00f3mico. \u00abEse sistema que pone en el centro al dios dinero, que lo que hace es alterar todos los procesos de producci\u00f3n, maximizar ganancias, lo que hace es valerse del cuerpo de las personas como un instrumento, como un medio, como una mercanc\u00eda m\u00e1s y producir m\u00e1s dinero.\u00bb","robots":{"index":"index","follow":"follow","max-snippet":"max-snippet:-1","max-image-preview":"max-image-preview:large","max-video-preview":"max-video-preview:-1"},"canonical":"https:\/\/francescoeconomy.org\/es\/del-mastro-victims-of-human-trafficking-are-victims-of-the-current-economy\/","og_locale":"es_ES","og_type":"article","og_title":"Del Mastro: Las v\u00edctimas de trata de personas son v\u00edctimas de la econom\u00eda actual | The Economy of Francesco","og_description":"En el marco del D\u00eda Mundial contra la Trata de Personas, entrevistamos a Nicol\u00e1s del Mastro, un joven argentino que se dedica a esta causa desde la Fundaci\u00f3n Alameda. Nos cuenta por qu\u00e9 el tema de la trata importa tanto en un entorno econ\u00f3mico. \u00abEse sistema que pone en el centro al dios dinero, que lo que hace es alterar todos los procesos de producci\u00f3n, maximizar ganancias, lo que hace es valerse del cuerpo de las personas como un instrumento, como un medio, como una mercanc\u00eda m\u00e1s y producir m\u00e1s dinero.\u00bb","og_url":"https:\/\/francescoeconomy.org\/es\/del-mastro-victims-of-human-trafficking-are-victims-of-the-current-economy\/","og_site_name":"The Economy of Francesco","article_published_time":"2022-07-30T05:20:23+00:00","article_modified_time":"2022-07-30T06:46:15+00:00","og_image":[{"width":1024,"height":563,"url":"https:\/\/francescoeconomy.org\/wp-content\/uploads\/2022\/07\/EoF-Side-Site-14-1.png","type":"image\/png"}],"author":"Redazione EoF2020","twitter_card":"summary_large_image","twitter_misc":{"Escrito por":"Redazione EoF2020","Tiempo de lectura":"15 minutos"},"schema":{"@context":"https:\/\/schema.org","@graph":[{"@type":"Article","@id":"https:\/\/francescoeconomy.org\/es\/del-mastro-victims-of-human-trafficking-are-victims-of-the-current-economy\/#article","isPartOf":{"@id":"https:\/\/francescoeconomy.org\/es\/del-mastro-victims-of-human-trafficking-are-victims-of-the-current-economy\/"},"author":{"name":"Redazione EoF2020","@id":"https:\/\/francescoeconomy.org\/#\/schema\/person\/0a4d32f78db94d19767e56c86230cbac"},"headline":"Del Mastro: Las v\u00edctimas de trata de personas son v\u00edctimas de la econom\u00eda actual","datePublished":"2022-07-30T05:20:23+00:00","dateModified":"2022-07-30T06:46:15+00:00","mainEntityOfPage":{"@id":"https:\/\/francescoeconomy.org\/es\/del-mastro-victims-of-human-trafficking-are-victims-of-the-current-economy\/"},"wordCount":5451,"commentCount":0,"publisher":{"@id":"https:\/\/francescoeconomy.org\/#organization"},"image":{"@id":"https:\/\/francescoeconomy.org\/es\/del-mastro-victims-of-human-trafficking-are-victims-of-the-current-economy\/#primaryimage"},"thumbnailUrl":"https:\/\/francescoeconomy.org\/wp-content\/uploads\/2022\/07\/EoF-Side-Site-14-1.png","articleSection":["EoF PEOPLE","EoF PEOPLE","Life and Lifestyle","Main Stage","Noticias","Territories","WHAT&#8217;S ON","WHAT&#8217;S ON"],"inLanguage":"es","potentialAction":[{"@type":"CommentAction","name":"Comment","target":["https:\/\/francescoeconomy.org\/es\/del-mastro-victims-of-human-trafficking-are-victims-of-the-current-economy\/#respond"]}]},{"@type":"WebPage","@id":"https:\/\/francescoeconomy.org\/es\/del-mastro-victims-of-human-trafficking-are-victims-of-the-current-economy\/","url":"https:\/\/francescoeconomy.org\/es\/del-mastro-victims-of-human-trafficking-are-victims-of-the-current-economy\/","name":"Del Mastro: Las v\u00edctimas de trata de personas son v\u00edctimas de la econom\u00eda actual | The Economy of Francesco","isPartOf":{"@id":"https:\/\/francescoeconomy.org\/#website"},"primaryImageOfPage":{"@id":"https:\/\/francescoeconomy.org\/es\/del-mastro-victims-of-human-trafficking-are-victims-of-the-current-economy\/#primaryimage"},"image":{"@id":"https:\/\/francescoeconomy.org\/es\/del-mastro-victims-of-human-trafficking-are-victims-of-the-current-economy\/#primaryimage"},"thumbnailUrl":"https:\/\/francescoeconomy.org\/wp-content\/uploads\/2022\/07\/EoF-Side-Site-14-1.png","datePublished":"2022-07-30T05:20:23+00:00","dateModified":"2022-07-30T06:46:15+00:00","description":"En el marco del D\u00eda Mundial contra la Trata de Personas, entrevistamos a Nicol\u00e1s del Mastro, un joven argentino que se dedica a esta causa desde la Fundaci\u00f3n Alameda. Nos cuenta por qu\u00e9 el tema de la trata importa tanto en un entorno econ\u00f3mico. \u00abEse sistema que pone en el centro al dios dinero, que lo que hace es alterar todos los procesos de producci\u00f3n, maximizar ganancias, lo que hace es valerse del cuerpo de las personas como un instrumento, como un medio, como una mercanc\u00eda m\u00e1s y producir m\u00e1s dinero.\u00bb","breadcrumb":{"@id":"https:\/\/francescoeconomy.org\/es\/del-mastro-victims-of-human-trafficking-are-victims-of-the-current-economy\/#breadcrumb"},"inLanguage":"es","potentialAction":[{"@type":"ReadAction","target":["https:\/\/francescoeconomy.org\/es\/del-mastro-victims-of-human-trafficking-are-victims-of-the-current-economy\/"]}]},{"@type":"ImageObject","inLanguage":"es","@id":"https:\/\/francescoeconomy.org\/es\/del-mastro-victims-of-human-trafficking-are-victims-of-the-current-economy\/#primaryimage","url":"https:\/\/francescoeconomy.org\/wp-content\/uploads\/2022\/07\/EoF-Side-Site-14-1.png","contentUrl":"https:\/\/francescoeconomy.org\/wp-content\/uploads\/2022\/07\/EoF-Side-Site-14-1.png","width":1024,"height":563},{"@type":"BreadcrumbList","@id":"https:\/\/francescoeconomy.org\/es\/del-mastro-victims-of-human-trafficking-are-victims-of-the-current-economy\/#breadcrumb","itemListElement":[{"@type":"ListItem","position":1,"name":"Home","item":"https:\/\/francescoeconomy.org\/es\/"},{"@type":"ListItem","position":2,"name":"Del Mastro: Las v\u00edctimas de trata de personas son v\u00edctimas de la econom\u00eda actual"}]},{"@type":"WebSite","@id":"https:\/\/francescoeconomy.org\/#website","url":"https:\/\/francescoeconomy.org\/","name":"The Economy of Francesco","description":"Young people, a commitment, the future","publisher":{"@id":"https:\/\/francescoeconomy.org\/#organization"},"potentialAction":[{"@type":"SearchAction","target":{"@type":"EntryPoint","urlTemplate":"https:\/\/francescoeconomy.org\/?s={search_term_string}"},"query-input":{"@type":"PropertyValueSpecification","valueRequired":true,"valueName":"search_term_string"}}],"inLanguage":"es"},{"@type":"Organization","@id":"https:\/\/francescoeconomy.org\/#organization","name":"The Economy of Francesco","url":"https:\/\/francescoeconomy.org\/","logo":{"@type":"ImageObject","inLanguage":"es","@id":"https:\/\/francescoeconomy.org\/#\/schema\/logo\/image\/","url":"https:\/\/francescoeconomy.org\/wp-content\/uploads\/2019\/06\/Logo-EoF2020-tracciato.png","contentUrl":"https:\/\/francescoeconomy.org\/wp-content\/uploads\/2019\/06\/Logo-EoF2020-tracciato.png","width":513,"height":513,"caption":"The Economy of Francesco"},"image":{"@id":"https:\/\/francescoeconomy.org\/#\/schema\/logo\/image\/"}},{"@type":"Person","@id":"https:\/\/francescoeconomy.org\/#\/schema\/person\/0a4d32f78db94d19767e56c86230cbac","name":"Redazione EoF2020","image":{"@type":"ImageObject","inLanguage":"es","@id":"https:\/\/secure.gravatar.com\/avatar\/51c54530e7ca8d246384f0e18612ba96bd45ad0728553869a5bef56e89529ab9?s=96&d=mm&r=g","url":"https:\/\/secure.gravatar.com\/avatar\/51c54530e7ca8d246384f0e18612ba96bd45ad0728553869a5bef56e89529ab9?s=96&d=mm&r=g","contentUrl":"https:\/\/secure.gravatar.com\/avatar\/51c54530e7ca8d246384f0e18612ba96bd45ad0728553869a5bef56e89529ab9?s=96&d=mm&r=g","caption":"Redazione EoF2020"}}]}},"_links":{"self":[{"href":"https:\/\/francescoeconomy.org\/es\/wp-json\/wp\/v2\/posts\/19473","targetHints":{"allow":["GET"]}}],"collection":[{"href":"https:\/\/francescoeconomy.org\/es\/wp-json\/wp\/v2\/posts"}],"about":[{"href":"https:\/\/francescoeconomy.org\/es\/wp-json\/wp\/v2\/types\/post"}],"author":[{"embeddable":true,"href":"https:\/\/francescoeconomy.org\/es\/wp-json\/wp\/v2\/users\/3"}],"replies":[{"embeddable":true,"href":"https:\/\/francescoeconomy.org\/es\/wp-json\/wp\/v2\/comments?post=19473"}],"version-history":[{"count":0,"href":"https:\/\/francescoeconomy.org\/es\/wp-json\/wp\/v2\/posts\/19473\/revisions"}],"wp:featuredmedia":[{"embeddable":true,"href":"https:\/\/francescoeconomy.org\/es\/wp-json\/wp\/v2\/media\/19469"}],"wp:attachment":[{"href":"https:\/\/francescoeconomy.org\/es\/wp-json\/wp\/v2\/media?parent=19473"}],"wp:term":[{"taxonomy":"category","embeddable":true,"href":"https:\/\/francescoeconomy.org\/es\/wp-json\/wp\/v2\/categories?post=19473"},{"taxonomy":"post_tag","embeddable":true,"href":"https:\/\/francescoeconomy.org\/es\/wp-json\/wp\/v2\/tags?post=19473"}],"curies":[{"name":"wp","href":"https:\/\/api.w.org\/{rel}","templated":true}]}}