{"id":31417,"date":"2025-09-18T16:16:35","date_gmt":"2025-09-18T14:16:35","guid":{"rendered":"https:\/\/francescoeconomy.org\/prendersi-cura-e-gia-fare-economia\/"},"modified":"2025-09-18T16:42:18","modified_gmt":"2025-09-18T14:42:18","slug":"cuidar-ya-es-hacer-economia","status":"publish","type":"post","link":"https:\/\/francescoeconomy.org\/es\/cuidar-ya-es-hacer-economia\/","title":{"rendered":"Cuidar ya es hacer econom\u00eda"},"content":{"rendered":"<div class=\"fusion-fullwidth fullwidth-box fusion-builder-row-1 fusion-flex-container has-pattern-background has-mask-background nonhundred-percent-fullwidth non-hundred-percent-height-scrolling\" style=\"--awb-border-radius-top-left:0px;--awb-border-radius-top-right:0px;--awb-border-radius-bottom-right:0px;--awb-border-radius-bottom-left:0px;--awb-flex-wrap:wrap;\" ><div class=\"fusion-builder-row fusion-row fusion-flex-align-items-flex-start fusion-flex-content-wrap\" style=\"max-width:1248px;margin-left: calc(-4% \/ 2 );margin-right: calc(-4% \/ 2 );\"><div class=\"fusion-layout-column fusion_builder_column fusion-builder-column-0 fusion_builder_column_1_1 1_1 fusion-flex-column\" style=\"--awb-bg-size:cover;--awb-width-large:100%;--awb-margin-top-large:0px;--awb-spacing-right-large:1.92%;--awb-margin-bottom-large:20px;--awb-spacing-left-large:1.92%;--awb-width-medium:100%;--awb-order-medium:0;--awb-spacing-right-medium:1.92%;--awb-spacing-left-medium:1.92%;--awb-width-small:100%;--awb-order-small:0;--awb-spacing-right-small:1.92%;--awb-spacing-left-small:1.92%;\"><div class=\"fusion-column-wrapper fusion-column-has-shadow fusion-flex-justify-content-flex-start fusion-content-layout-column\"><div class=\"fusion-text fusion-text-1\"><h2>#eofpeople<\/h2>\n<\/div><div class=\"fusion-title title fusion-title-1 fusion-sep-none fusion-title-text fusion-title-size-one\" style=\"--awb-margin-top-small:0px;--awb-margin-right-small:0px;--awb-margin-bottom-small:20px;--awb-margin-left-small:0px;\"><h1 class=\"fusion-title-heading title-heading-left fusion-responsive-typography-calculated\" style=\"margin:0;--fontSize:45;line-height:1.5;\"><p style=\"text-align: center;\"><b>Cuidar ya es hacer econom\u00eda<\/b><\/p><\/h1><\/div><div class=\"fusion-text fusion-text-2\"><p style=\"text-align: right;\"><em>por Luca Iacovone<\/em><br \/>\n<i>publicado en<\/i><em> <a href=\"https:\/\/www.avvenire.it\/\" target=\"_blank\" rel=\"noopener\">Avvenire<\/a> el 17\/09\/2025<\/em><\/p>\n<\/div><\/div><\/div><div class=\"fusion-layout-column fusion_builder_column fusion-builder-column-1 fusion_builder_column_1_4 1_4 fusion-flex-column\" style=\"--awb-bg-size:cover;--awb-width-large:25%;--awb-margin-top-large:0px;--awb-spacing-right-large:7.68%;--awb-margin-bottom-large:20px;--awb-spacing-left-large:7.68%;--awb-width-medium:100%;--awb-order-medium:0;--awb-spacing-right-medium:1.92%;--awb-spacing-left-medium:1.92%;--awb-width-small:100%;--awb-order-small:0;--awb-spacing-right-small:1.92%;--awb-spacing-left-small:1.92%;\"><div class=\"fusion-column-wrapper fusion-column-has-shadow fusion-flex-justify-content-flex-start fusion-content-layout-column\"><div class=\"fusion-image-element \" style=\"--awb-caption-title-font-family:var(--h2_typography-font-family);--awb-caption-title-font-weight:var(--h2_typography-font-weight);--awb-caption-title-font-style:var(--h2_typography-font-style);--awb-caption-title-size:var(--h2_typography-font-size);--awb-caption-title-transform:var(--h2_typography-text-transform);--awb-caption-title-line-height:var(--h2_typography-line-height);--awb-caption-title-letter-spacing:var(--h2_typography-letter-spacing);\"><span class=\" fusion-imageframe imageframe-none imageframe-1 hover-type-none\"><img decoding=\"async\" width=\"663\" height=\"710\" title=\"ArielleGalinsky\" src=\"https:\/\/francescoeconomy.org\/wp-content\/uploads\/2025\/09\/ArielleGalinsky-e1758207304164.jpg\" data-orig-src=\"https:\/\/francescoeconomy.org\/wp-content\/uploads\/2025\/09\/ArielleGalinsky.jpg\" alt class=\"lazyload img-responsive wp-image-31400\" srcset=\"data:image\/svg+xml,%3Csvg%20xmlns%3D%27http%3A%2F%2Fwww.w3.org%2F2000%2Fsvg%27%20width%3D%27663%27%20height%3D%27710%27%20viewBox%3D%270%200%20663%20710%27%3E%3Crect%20width%3D%27663%27%20height%3D%27710%27%20fill-opacity%3D%220%22%2F%3E%3C%2Fsvg%3E\" data-srcset=\"https:\/\/francescoeconomy.org\/wp-content\/uploads\/2025\/09\/ArielleGalinsky-200x214.jpg 200w, https:\/\/francescoeconomy.org\/wp-content\/uploads\/2025\/09\/ArielleGalinsky-400x428.jpg 400w, https:\/\/francescoeconomy.org\/wp-content\/uploads\/2025\/09\/ArielleGalinsky-600x643.jpg 600w, https:\/\/francescoeconomy.org\/wp-content\/uploads\/2025\/09\/ArielleGalinsky.jpg 663w\" data-sizes=\"auto\" data-orig-sizes=\"(max-width: 720px) 100vw, (max-width: 640px) 100vw, 400px\" \/><\/span><\/div><\/div><\/div><div class=\"fusion-layout-column fusion_builder_column fusion-builder-column-2 fusion_builder_column_2_3 2_3 fusion-flex-column\" style=\"--awb-bg-size:cover;--awb-width-large:66.666666666667%;--awb-margin-top-large:0px;--awb-spacing-right-large:2.88%;--awb-margin-bottom-large:20px;--awb-spacing-left-large:2.88%;--awb-width-medium:100%;--awb-order-medium:0;--awb-spacing-right-medium:1.92%;--awb-spacing-left-medium:1.92%;--awb-width-small:100%;--awb-order-small:0;--awb-spacing-right-small:1.92%;--awb-spacing-left-small:1.92%;\"><div class=\"fusion-column-wrapper fusion-column-has-shadow fusion-flex-justify-content-flex-start fusion-content-layout-column\"><div class=\"fusion-text fusion-text-3\"><p>\u201c\u00bfY si envejecer fuera una cuesti\u00f3n que tambi\u00e9n concierne a los j\u00f3venes?\u201d A partir de esta pregunta comienza la reflexi\u00f3n de <b>Arielle Galinsky<\/b>, de 23 a\u00f1os. Estudiante entre Harvard y Yale, desde la adolescencia cuida de sus abuelos. \u201cNo es solo asistencia familiar \u2014 aclara \u2014 es una batalla cultural y pol\u00edtica\u201d. Para ella, construir una econom\u00eda justa significa empezar justamente desde el cuidado.<\/p>\n<p>Son millones los j\u00f3venes que, como Arielle, viven este fr\u00e1gil equilibrio. Solo en Estados Unidos, m\u00e1s de 3,6 millones de chicos menores de 25 a\u00f1os est\u00e1n involucrados en formas de cuidado familiar: escuela, trabajo, sue\u00f1os\u2026 y, al mismo tiempo, atienden a un padre, una madre, una abuela. Por eso Arielle fund\u00f3 una red nacional, <i>The Legacy Project<\/i>, y lleva las voces de los j\u00f3venes cuidadores a los espacios donde se deciden las pol\u00edticas sobre el envejecimiento. \u201cCuando invertimos en una pol\u00edtica del envejecimiento hoy, construimos un nuevo pacto social: basado en la justicia entre generaciones, en la equidad, en la posibilidad de que todos puedan envejecer bien.\u201d<\/p>\n<\/div><\/div><\/div><div class=\"fusion-layout-column fusion_builder_column fusion-builder-column-3 fusion_builder_column_3_4 3_4 fusion-flex-column\" style=\"--awb-bg-size:cover;--awb-width-large:75%;--awb-margin-top-large:0px;--awb-spacing-right-large:2.56%;--awb-margin-bottom-large:20px;--awb-spacing-left-large:2.56%;--awb-width-medium:100%;--awb-order-medium:0;--awb-spacing-right-medium:1.92%;--awb-spacing-left-medium:1.92%;--awb-width-small:100%;--awb-order-small:0;--awb-spacing-right-small:1.92%;--awb-spacing-left-small:1.92%;\"><div class=\"fusion-column-wrapper fusion-column-has-shadow fusion-flex-justify-content-flex-start fusion-content-layout-column\"><div class=\"fusion-text fusion-text-4\"><p><span style=\"font-weight: 400;\">Tambi\u00e9n en Portugal, en la regi\u00f3n de Covilh\u00e3, otra joven mujer ha decidido comenzar desde aqu\u00ed. <\/span><b>Leonor Centeno<\/b><span style=\"font-weight: 400;\"> tiene formaci\u00f3n en gesti\u00f3n, pero hoy cuida de una casa rural con vi\u00f1edo. Su idea nace al observar dos realidades que no dialogan: el envejecimiento de la poblaci\u00f3n y la llegada anual de miles de estudiantes universitarios. Su proyecto es simple pero radical: crear una aldea intergeneracional donde estudiantes y ancianos puedan vivir juntos, compartir tiempo y espacios. \u201cImagino un lugar en el que las relaciones valgan m\u00e1s que la eficiencia, en el que envejecer no signifique aislamiento, sino presencia viva.\u201d No una residencia de ancianos, sino una comunidad.<\/span><\/p>\n<\/div><\/div><\/div><div class=\"fusion-layout-column fusion_builder_column fusion-builder-column-4 fusion_builder_column_1_4 1_4 fusion-flex-column\" style=\"--awb-bg-size:cover;--awb-width-large:25%;--awb-margin-top-large:0px;--awb-spacing-right-large:7.68%;--awb-margin-bottom-large:20px;--awb-spacing-left-large:7.68%;--awb-width-medium:100%;--awb-order-medium:0;--awb-spacing-right-medium:1.92%;--awb-spacing-left-medium:1.92%;--awb-width-small:100%;--awb-order-small:0;--awb-spacing-right-small:1.92%;--awb-spacing-left-small:1.92%;\"><div class=\"fusion-column-wrapper fusion-column-has-shadow fusion-flex-justify-content-flex-start fusion-content-layout-column\"><div class=\"fusion-image-element \" style=\"--awb-caption-title-font-family:var(--h2_typography-font-family);--awb-caption-title-font-weight:var(--h2_typography-font-weight);--awb-caption-title-font-style:var(--h2_typography-font-style);--awb-caption-title-size:var(--h2_typography-font-size);--awb-caption-title-transform:var(--h2_typography-text-transform);--awb-caption-title-line-height:var(--h2_typography-line-height);--awb-caption-title-letter-spacing:var(--h2_typography-letter-spacing);\"><span class=\" fusion-imageframe imageframe-none imageframe-2 hover-type-none\"><img decoding=\"async\" width=\"1080\" height=\"607\" title=\"LeonorCenteno\" src=\"data:image\/svg+xml,%3Csvg%20xmlns%3D%27http%3A%2F%2Fwww.w3.org%2F2000%2Fsvg%27%20width%3D%271080%27%20height%3D%27607%27%20viewBox%3D%270%200%201080%20607%27%3E%3Crect%20width%3D%271080%27%20height%3D%27607%27%20fill-opacity%3D%220%22%2F%3E%3C%2Fsvg%3E\" data-orig-src=\"https:\/\/francescoeconomy.org\/wp-content\/uploads\/2025\/09\/LeonorCenteno.jpg\" alt class=\"lazyload img-responsive wp-image-31397\"\/><\/span><\/div><\/div><\/div><div class=\"fusion-layout-column fusion_builder_column fusion-builder-column-5 fusion_builder_column_1_4 1_4 fusion-flex-column\" style=\"--awb-bg-size:cover;--awb-width-large:25%;--awb-margin-top-large:0px;--awb-spacing-right-large:7.68%;--awb-margin-bottom-large:20px;--awb-spacing-left-large:7.68%;--awb-width-medium:100%;--awb-order-medium:0;--awb-spacing-right-medium:1.92%;--awb-spacing-left-medium:1.92%;--awb-width-small:100%;--awb-order-small:0;--awb-spacing-right-small:1.92%;--awb-spacing-left-small:1.92%;\"><div class=\"fusion-column-wrapper fusion-column-has-shadow fusion-flex-justify-content-flex-start fusion-content-layout-column\"><div class=\"fusion-image-element \" style=\"--awb-caption-title-font-family:var(--h2_typography-font-family);--awb-caption-title-font-weight:var(--h2_typography-font-weight);--awb-caption-title-font-style:var(--h2_typography-font-style);--awb-caption-title-size:var(--h2_typography-font-size);--awb-caption-title-transform:var(--h2_typography-text-transform);--awb-caption-title-line-height:var(--h2_typography-line-height);--awb-caption-title-letter-spacing:var(--h2_typography-letter-spacing);\"><span class=\" fusion-imageframe imageframe-none imageframe-3 hover-type-none\"><img decoding=\"async\" width=\"569\" height=\"880\" title=\"NicolyeMondle\" src=\"https:\/\/francescoeconomy.org\/wp-content\/uploads\/2025\/09\/NicolyeMondle.jpg\" data-orig-src=\"https:\/\/francescoeconomy.org\/wp-content\/uploads\/2025\/09\/NicolyeMondle.jpg\" alt class=\"lazyload img-responsive wp-image-31391\" srcset=\"data:image\/svg+xml,%3Csvg%20xmlns%3D%27http%3A%2F%2Fwww.w3.org%2F2000%2Fsvg%27%20width%3D%27569%27%20height%3D%27880%27%20viewBox%3D%270%200%20569%20880%27%3E%3Crect%20width%3D%27569%27%20height%3D%27880%27%20fill-opacity%3D%220%22%2F%3E%3C%2Fsvg%3E\" data-srcset=\"https:\/\/francescoeconomy.org\/wp-content\/uploads\/2025\/09\/NicolyeMondle-200x309.jpg 200w, https:\/\/francescoeconomy.org\/wp-content\/uploads\/2025\/09\/NicolyeMondle-400x619.jpg 400w, https:\/\/francescoeconomy.org\/wp-content\/uploads\/2025\/09\/NicolyeMondle.jpg 569w\" data-sizes=\"auto\" data-orig-sizes=\"(max-width: 720px) 100vw, (max-width: 640px) 100vw, 400px\" \/><\/span><\/div><\/div><\/div><div class=\"fusion-layout-column fusion_builder_column fusion-builder-column-6 fusion_builder_column_3_4 3_4 fusion-flex-column\" style=\"--awb-bg-size:cover;--awb-width-large:75%;--awb-margin-top-large:0px;--awb-spacing-right-large:2.56%;--awb-margin-bottom-large:20px;--awb-spacing-left-large:2.56%;--awb-width-medium:100%;--awb-order-medium:0;--awb-spacing-right-medium:1.92%;--awb-spacing-left-medium:1.92%;--awb-width-small:100%;--awb-order-small:0;--awb-spacing-right-small:1.92%;--awb-spacing-left-small:1.92%;\"><div class=\"fusion-column-wrapper fusion-column-has-shadow fusion-flex-justify-content-flex-start fusion-content-layout-column\"><div class=\"fusion-text fusion-text-5\"><p><span style=\"font-weight: 400;\">Al otro lado del oc\u00e9ano, en Maputo, Mozambique, <\/span><b>Nicolye Mondle<\/b><span style=\"font-weight: 400;\"> tiene apenas 16 a\u00f1os. Catequista y locutora de radio, cada semana lidera los encuentros del proyecto <\/span><i><span style=\"font-weight: 400;\">TeenRosa<\/span><\/i><span style=\"font-weight: 400;\">, un espacio para adolescentes en busca de confianza y orientaci\u00f3n. \u201cAyudamos a los chicos a conocerse. A nombrar las emociones, a distinguir las palabras de los gritos, el silencio del miedo.\u201d Entre las actividades m\u00e1s queridas, una b\u00fasqueda del tesoro llamada <\/span><i><span style=\"font-weight: 400;\">Mission: Teenage Trailblazers<\/span><\/i><span style=\"font-weight: 400;\">. En cada etapa, una pregunta sobre elecciones y valores. Al final, cada participante construye su propio mapa del futuro. Una manera de aprender a cuidarse a s\u00ed mismos y a los dem\u00e1s. \u201cCreo que todo cambio comienza desde dentro. Si aprendemos a escuchar, podemos convertirnos en adolescentes valientes, emp\u00e1ticos. Y quiz\u00e1, un d\u00eda, en mejores adultos.\u201d<\/span><\/p>\n<\/div><\/div><\/div><div class=\"fusion-layout-column fusion_builder_column fusion-builder-column-7 fusion_builder_column_3_4 3_4 fusion-flex-column\" style=\"--awb-bg-size:cover;--awb-width-large:75%;--awb-margin-top-large:0px;--awb-spacing-right-large:2.56%;--awb-margin-bottom-large:20px;--awb-spacing-left-large:2.56%;--awb-width-medium:100%;--awb-order-medium:0;--awb-spacing-right-medium:1.92%;--awb-spacing-left-medium:1.92%;--awb-width-small:100%;--awb-order-small:0;--awb-spacing-right-small:1.92%;--awb-spacing-left-small:1.92%;\"><div class=\"fusion-column-wrapper fusion-column-has-shadow fusion-flex-justify-content-flex-start fusion-content-layout-column\"><div class=\"fusion-text fusion-text-6\"><p>&nbsp;<\/p>\n<p><b>Tony Guidotti<\/b><span style=\"font-weight: 400;\"> es investigador senior en la Harvard Business School, donde coordina <\/span><i><span style=\"font-weight: 400;\">The Ownership Project<\/span><\/i><span style=\"font-weight: 400;\">. Su trabajo parte de una intuici\u00f3n precisa: <\/span><b>la estructura de la propiedad no es neutral<\/b><span style=\"font-weight: 400;\"> y puede convertirse en una herramienta poderosa para construir una econom\u00eda humana, capaz de sostener la dignidad, generar bienes relacionales y responder a los desaf\u00edos ambientales y sociales. Guidotti invita a redescubrir su potencial transformador: <\/span><b>formas de propiedad compartida, fiduciaria o comunitaria<\/b><span style=\"font-weight: 400;\"> pueden devolver centralidad a los lazos sociales. \u201cSin una reflexi\u00f3n profunda sobre la propiedad \u2014 explica \u2014 nunca podremos repensar de verdad la econom\u00eda.\u201d<\/span><\/p>\n<\/div><\/div><\/div><div class=\"fusion-layout-column fusion_builder_column fusion-builder-column-8 fusion_builder_column_1_4 1_4 fusion-flex-column\" style=\"--awb-bg-size:cover;--awb-width-large:25%;--awb-margin-top-large:0px;--awb-spacing-right-large:7.68%;--awb-margin-bottom-large:20px;--awb-spacing-left-large:7.68%;--awb-width-medium:100%;--awb-order-medium:0;--awb-spacing-right-medium:1.92%;--awb-spacing-left-medium:1.92%;--awb-width-small:100%;--awb-order-small:0;--awb-spacing-right-small:1.92%;--awb-spacing-left-small:1.92%;\"><div class=\"fusion-column-wrapper fusion-column-has-shadow fusion-flex-justify-content-flex-start fusion-content-layout-column\"><div class=\"fusion-image-element \" style=\"--awb-caption-title-font-family:var(--h2_typography-font-family);--awb-caption-title-font-weight:var(--h2_typography-font-weight);--awb-caption-title-font-style:var(--h2_typography-font-style);--awb-caption-title-size:var(--h2_typography-font-size);--awb-caption-title-transform:var(--h2_typography-text-transform);--awb-caption-title-line-height:var(--h2_typography-line-height);--awb-caption-title-letter-spacing:var(--h2_typography-letter-spacing);\"><span class=\" fusion-imageframe imageframe-none imageframe-4 hover-type-none\"><img decoding=\"async\" width=\"983\" height=\"982\" title=\"TonyGuidotti\" src=\"https:\/\/francescoeconomy.org\/wp-content\/uploads\/2025\/09\/TonyGuidotti.jpg\" data-orig-src=\"https:\/\/francescoeconomy.org\/wp-content\/uploads\/2025\/09\/TonyGuidotti.jpg\" alt class=\"lazyload img-responsive wp-image-31394\" srcset=\"data:image\/svg+xml,%3Csvg%20xmlns%3D%27http%3A%2F%2Fwww.w3.org%2F2000%2Fsvg%27%20width%3D%27983%27%20height%3D%27982%27%20viewBox%3D%270%200%20983%20982%27%3E%3Crect%20width%3D%27983%27%20height%3D%27982%27%20fill-opacity%3D%220%22%2F%3E%3C%2Fsvg%3E\" data-srcset=\"https:\/\/francescoeconomy.org\/wp-content\/uploads\/2025\/09\/TonyGuidotti-200x200.jpg 200w, https:\/\/francescoeconomy.org\/wp-content\/uploads\/2025\/09\/TonyGuidotti-400x400.jpg 400w, https:\/\/francescoeconomy.org\/wp-content\/uploads\/2025\/09\/TonyGuidotti-600x599.jpg 600w, https:\/\/francescoeconomy.org\/wp-content\/uploads\/2025\/09\/TonyGuidotti-800x799.jpg 800w, https:\/\/francescoeconomy.org\/wp-content\/uploads\/2025\/09\/TonyGuidotti.jpg 983w\" data-sizes=\"auto\" data-orig-sizes=\"(max-width: 720px) 100vw, (max-width: 640px) 100vw, 400px\" \/><\/span><\/div><\/div><\/div><div class=\"fusion-layout-column fusion_builder_column fusion-builder-column-9 fusion_builder_column_1_1 1_1 fusion-flex-column\" style=\"--awb-bg-size:cover;--awb-width-large:100%;--awb-margin-top-large:0px;--awb-spacing-right-large:1.92%;--awb-margin-bottom-large:20px;--awb-spacing-left-large:1.92%;--awb-width-medium:100%;--awb-order-medium:0;--awb-spacing-right-medium:1.92%;--awb-spacing-left-medium:1.92%;--awb-width-small:100%;--awb-order-small:0;--awb-spacing-right-small:1.92%;--awb-spacing-left-small:1.92%;\"><div class=\"fusion-column-wrapper fusion-column-has-shadow fusion-flex-justify-content-flex-start fusion-content-layout-column\"><div class=\"fusion-text fusion-text-7\"><p>&nbsp;<\/p>\n<p><span style=\"font-weight: 400;\">Lo que une estas historias no es un programa com\u00fan, ni un manifiesto para suscribir. Es el reconocerse, cada uno a su manera, en la invitaci\u00f3n que el <\/span><b>Papa Francisco<\/b><span style=\"font-weight: 400;\"> dirigi\u00f3 a los j\u00f3venes en 2019: \u201cDar un alma a la econom\u00eda.\u201d<\/span><\/p>\n<p><span style=\"font-weight: 400;\">De ese llamado naci\u00f3 <\/span><i><span style=\"font-weight: 400;\">The Economy of Francesco<\/span><\/i><span style=\"font-weight: 400;\">, un movimiento internacional que re\u00fane a j\u00f3venes economistas, emprendedores, estudiosos y activistas comprometidos en repensar la econom\u00eda a partir de la justicia, el cuidado y la dignidad.<\/span><\/p>\n<p><span style=\"font-weight: 400;\">Este art\u00edculo es el primero de una serie que acompa\u00f1ar\u00e1 a los lectores hasta noviembre, narrando diecis\u00e9is historias de todo el mundo. Cada etapa estar\u00e1 dedicada a un tema: el cuidado, como en este primer cap\u00edtulo, luego la ecolog\u00eda, los territorios marginales, el protagonismo femenino, la tecnolog\u00eda al servicio del bien com\u00fan y las grandes visiones que interpelan nuestro tiempo.<\/span><\/p>\n<p><span style=\"font-weight: 400;\">L\u00ec condivideranno storie, idee, soluzioni concrete, nate dal basso e radicate nei territori. Si ascolteranno, si confronteranno, e cercheranno insieme parole nuove per raccontare un\u2019economia che non separa, non scarta, non sfrutta, ma custodisce la vita e genera futuro.<\/span><\/p>\n<p><span style=\"font-weight: 400;\">All\u00ed compartir\u00e1n historias, ideas, soluciones concretas, nacidas desde abajo y enraizadas en los territorios. Se escuchar\u00e1n, se confrontar\u00e1n y buscar\u00e1n juntos nuevas palabras para narrar una econom\u00eda que no separa, no descarta, no explota, sino que custodia la vida y genera futuro.<\/span><\/p>\n<\/div><\/div><\/div><\/div><\/div>\n","protected":false},"excerpt":{"rendered":"<p>Este art\u00edculo es el primero de una serie que acompa\u00f1ar\u00e1 a los lectores hasta noviembre, narrando diecis\u00e9is historias de todo el mundo. Cada etapa estar\u00e1 dedicada a un tema: el cuidado, como en este primer cap\u00edtulo, luego la ecolog\u00eda, los territorios marginales, el protagonismo femenino (&#8230;)<\/p>\n","protected":false},"author":3,"featured_media":31391,"comment_status":"open","ping_status":"closed","sticky":false,"template":"","format":"standard","meta":{"footnotes":""},"categories":[359,17,357],"tags":[640,646],"class_list":["post-31417","post","type-post","status-publish","format-standard","has-post-thumbnail","hentry","category-eof-people-2-es","category-noticias","category-whats-on-es","tag-eof-2025-global-event-es","tag-eof-people-es"],"yoast_head":"<!-- This site is optimized with the Yoast SEO plugin v27.5 - https:\/\/yoast.com\/product\/yoast-seo-wordpress\/ -->\n<title>Cuidar ya es hacer econom\u00eda | The Economy of Francesco<\/title>\n<meta name=\"robots\" content=\"index, follow, max-snippet:-1, max-image-preview:large, max-video-preview:-1\" \/>\n<link rel=\"canonical\" href=\"https:\/\/francescoeconomy.org\/es\/cuidar-ya-es-hacer-economia\/\" \/>\n<meta property=\"og:locale\" content=\"es_ES\" \/>\n<meta property=\"og:type\" content=\"article\" \/>\n<meta property=\"og:title\" content=\"Cuidar ya es hacer econom\u00eda | The Economy of Francesco\" \/>\n<meta property=\"og:description\" content=\"Este art\u00edculo es el primero de una serie que acompa\u00f1ar\u00e1 a los lectores hasta noviembre, narrando diecis\u00e9is historias de todo el mundo. Cada etapa estar\u00e1 dedicada a un tema: el cuidado, como en este primer cap\u00edtulo, luego la ecolog\u00eda, los territorios marginales, el protagonismo femenino (...)\" \/>\n<meta property=\"og:url\" content=\"https:\/\/francescoeconomy.org\/es\/cuidar-ya-es-hacer-economia\/\" \/>\n<meta property=\"og:site_name\" content=\"The Economy of Francesco\" \/>\n<meta property=\"article:published_time\" content=\"2025-09-18T14:16:35+00:00\" \/>\n<meta property=\"article:modified_time\" content=\"2025-09-18T14:42:18+00:00\" \/>\n<meta property=\"og:image\" content=\"https:\/\/francescoeconomy.org\/wp-content\/uploads\/2025\/09\/NicolyeMondle.jpg\" \/>\n\t<meta property=\"og:image:width\" content=\"569\" \/>\n\t<meta property=\"og:image:height\" content=\"880\" \/>\n\t<meta property=\"og:image:type\" content=\"image\/jpeg\" \/>\n<meta name=\"author\" content=\"Redazione EoF2020\" \/>\n<meta name=\"twitter:card\" content=\"summary_large_image\" \/>\n<meta name=\"twitter:label1\" content=\"Escrito por\" \/>\n\t<meta name=\"twitter:data1\" content=\"Redazione EoF2020\" \/>\n\t<meta name=\"twitter:label2\" content=\"Tiempo de lectura\" \/>\n\t<meta name=\"twitter:data2\" content=\"5 minutos\" \/>\n<script type=\"application\/ld+json\" class=\"yoast-schema-graph\">{\"@context\":\"https:\\\/\\\/schema.org\",\"@graph\":[{\"@type\":\"Article\",\"@id\":\"https:\\\/\\\/francescoeconomy.org\\\/es\\\/cuidar-ya-es-hacer-economia\\\/#article\",\"isPartOf\":{\"@id\":\"https:\\\/\\\/francescoeconomy.org\\\/es\\\/cuidar-ya-es-hacer-economia\\\/\"},\"author\":{\"name\":\"Redazione EoF2020\",\"@id\":\"https:\\\/\\\/francescoeconomy.org\\\/#\\\/schema\\\/person\\\/0a4d32f78db94d19767e56c86230cbac\"},\"headline\":\"Cuidar ya es hacer econom\u00eda\",\"datePublished\":\"2025-09-18T14:16:35+00:00\",\"dateModified\":\"2025-09-18T14:42:18+00:00\",\"mainEntityOfPage\":{\"@id\":\"https:\\\/\\\/francescoeconomy.org\\\/es\\\/cuidar-ya-es-hacer-economia\\\/\"},\"wordCount\":4403,\"commentCount\":0,\"publisher\":{\"@id\":\"https:\\\/\\\/francescoeconomy.org\\\/#organization\"},\"image\":{\"@id\":\"https:\\\/\\\/francescoeconomy.org\\\/es\\\/cuidar-ya-es-hacer-economia\\\/#primaryimage\"},\"thumbnailUrl\":\"https:\\\/\\\/francescoeconomy.org\\\/wp-content\\\/uploads\\\/2025\\\/09\\\/NicolyeMondle.jpg\",\"keywords\":[\"EoF 2025 Global Event\",\"EoF people\"],\"articleSection\":[\"EoF PEOPLE\",\"Noticias\",\"WHAT&#8217;S ON\"],\"inLanguage\":\"es\",\"potentialAction\":[{\"@type\":\"CommentAction\",\"name\":\"Comment\",\"target\":[\"https:\\\/\\\/francescoeconomy.org\\\/es\\\/cuidar-ya-es-hacer-economia\\\/#respond\"]}]},{\"@type\":\"WebPage\",\"@id\":\"https:\\\/\\\/francescoeconomy.org\\\/es\\\/cuidar-ya-es-hacer-economia\\\/\",\"url\":\"https:\\\/\\\/francescoeconomy.org\\\/es\\\/cuidar-ya-es-hacer-economia\\\/\",\"name\":\"Cuidar ya es hacer econom\u00eda | The Economy of Francesco\",\"isPartOf\":{\"@id\":\"https:\\\/\\\/francescoeconomy.org\\\/#website\"},\"primaryImageOfPage\":{\"@id\":\"https:\\\/\\\/francescoeconomy.org\\\/es\\\/cuidar-ya-es-hacer-economia\\\/#primaryimage\"},\"image\":{\"@id\":\"https:\\\/\\\/francescoeconomy.org\\\/es\\\/cuidar-ya-es-hacer-economia\\\/#primaryimage\"},\"thumbnailUrl\":\"https:\\\/\\\/francescoeconomy.org\\\/wp-content\\\/uploads\\\/2025\\\/09\\\/NicolyeMondle.jpg\",\"datePublished\":\"2025-09-18T14:16:35+00:00\",\"dateModified\":\"2025-09-18T14:42:18+00:00\",\"breadcrumb\":{\"@id\":\"https:\\\/\\\/francescoeconomy.org\\\/es\\\/cuidar-ya-es-hacer-economia\\\/#breadcrumb\"},\"inLanguage\":\"es\",\"potentialAction\":[{\"@type\":\"ReadAction\",\"target\":[\"https:\\\/\\\/francescoeconomy.org\\\/es\\\/cuidar-ya-es-hacer-economia\\\/\"]}]},{\"@type\":\"ImageObject\",\"inLanguage\":\"es\",\"@id\":\"https:\\\/\\\/francescoeconomy.org\\\/es\\\/cuidar-ya-es-hacer-economia\\\/#primaryimage\",\"url\":\"https:\\\/\\\/francescoeconomy.org\\\/wp-content\\\/uploads\\\/2025\\\/09\\\/NicolyeMondle.jpg\",\"contentUrl\":\"https:\\\/\\\/francescoeconomy.org\\\/wp-content\\\/uploads\\\/2025\\\/09\\\/NicolyeMondle.jpg\",\"width\":569,\"height\":880},{\"@type\":\"BreadcrumbList\",\"@id\":\"https:\\\/\\\/francescoeconomy.org\\\/es\\\/cuidar-ya-es-hacer-economia\\\/#breadcrumb\",\"itemListElement\":[{\"@type\":\"ListItem\",\"position\":1,\"name\":\"Home\",\"item\":\"https:\\\/\\\/francescoeconomy.org\\\/es\\\/\"},{\"@type\":\"ListItem\",\"position\":2,\"name\":\"Cuidar ya es hacer econom\u00eda\"}]},{\"@type\":\"WebSite\",\"@id\":\"https:\\\/\\\/francescoeconomy.org\\\/#website\",\"url\":\"https:\\\/\\\/francescoeconomy.org\\\/\",\"name\":\"The Economy of Francesco\",\"description\":\"Young people, a commitment, the future\",\"publisher\":{\"@id\":\"https:\\\/\\\/francescoeconomy.org\\\/#organization\"},\"potentialAction\":[{\"@type\":\"SearchAction\",\"target\":{\"@type\":\"EntryPoint\",\"urlTemplate\":\"https:\\\/\\\/francescoeconomy.org\\\/?s={search_term_string}\"},\"query-input\":{\"@type\":\"PropertyValueSpecification\",\"valueRequired\":true,\"valueName\":\"search_term_string\"}}],\"inLanguage\":\"es\"},{\"@type\":\"Organization\",\"@id\":\"https:\\\/\\\/francescoeconomy.org\\\/#organization\",\"name\":\"The Economy of Francesco\",\"url\":\"https:\\\/\\\/francescoeconomy.org\\\/\",\"logo\":{\"@type\":\"ImageObject\",\"inLanguage\":\"es\",\"@id\":\"https:\\\/\\\/francescoeconomy.org\\\/#\\\/schema\\\/logo\\\/image\\\/\",\"url\":\"https:\\\/\\\/francescoeconomy.org\\\/wp-content\\\/uploads\\\/2019\\\/06\\\/Logo-EoF2020-tracciato.png\",\"contentUrl\":\"https:\\\/\\\/francescoeconomy.org\\\/wp-content\\\/uploads\\\/2019\\\/06\\\/Logo-EoF2020-tracciato.png\",\"width\":513,\"height\":513,\"caption\":\"The Economy of Francesco\"},\"image\":{\"@id\":\"https:\\\/\\\/francescoeconomy.org\\\/#\\\/schema\\\/logo\\\/image\\\/\"}},{\"@type\":\"Person\",\"@id\":\"https:\\\/\\\/francescoeconomy.org\\\/#\\\/schema\\\/person\\\/0a4d32f78db94d19767e56c86230cbac\",\"name\":\"Redazione EoF2020\",\"image\":{\"@type\":\"ImageObject\",\"inLanguage\":\"es\",\"@id\":\"https:\\\/\\\/secure.gravatar.com\\\/avatar\\\/51c54530e7ca8d246384f0e18612ba96bd45ad0728553869a5bef56e89529ab9?s=96&d=mm&r=g\",\"url\":\"https:\\\/\\\/secure.gravatar.com\\\/avatar\\\/51c54530e7ca8d246384f0e18612ba96bd45ad0728553869a5bef56e89529ab9?s=96&d=mm&r=g\",\"contentUrl\":\"https:\\\/\\\/secure.gravatar.com\\\/avatar\\\/51c54530e7ca8d246384f0e18612ba96bd45ad0728553869a5bef56e89529ab9?s=96&d=mm&r=g\",\"caption\":\"Redazione EoF2020\"}}]}<\/script>\n<!-- \/ Yoast SEO plugin. -->","yoast_head_json":{"title":"Cuidar ya es hacer econom\u00eda | The Economy of Francesco","robots":{"index":"index","follow":"follow","max-snippet":"max-snippet:-1","max-image-preview":"max-image-preview:large","max-video-preview":"max-video-preview:-1"},"canonical":"https:\/\/francescoeconomy.org\/es\/cuidar-ya-es-hacer-economia\/","og_locale":"es_ES","og_type":"article","og_title":"Cuidar ya es hacer econom\u00eda | The Economy of Francesco","og_description":"Este art\u00edculo es el primero de una serie que acompa\u00f1ar\u00e1 a los lectores hasta noviembre, narrando diecis\u00e9is historias de todo el mundo. Cada etapa estar\u00e1 dedicada a un tema: el cuidado, como en este primer cap\u00edtulo, luego la ecolog\u00eda, los territorios marginales, el protagonismo femenino (...)","og_url":"https:\/\/francescoeconomy.org\/es\/cuidar-ya-es-hacer-economia\/","og_site_name":"The Economy of Francesco","article_published_time":"2025-09-18T14:16:35+00:00","article_modified_time":"2025-09-18T14:42:18+00:00","og_image":[{"width":569,"height":880,"url":"https:\/\/francescoeconomy.org\/wp-content\/uploads\/2025\/09\/NicolyeMondle.jpg","type":"image\/jpeg"}],"author":"Redazione EoF2020","twitter_card":"summary_large_image","twitter_misc":{"Escrito por":"Redazione EoF2020","Tiempo de lectura":"5 minutos"},"schema":{"@context":"https:\/\/schema.org","@graph":[{"@type":"Article","@id":"https:\/\/francescoeconomy.org\/es\/cuidar-ya-es-hacer-economia\/#article","isPartOf":{"@id":"https:\/\/francescoeconomy.org\/es\/cuidar-ya-es-hacer-economia\/"},"author":{"name":"Redazione EoF2020","@id":"https:\/\/francescoeconomy.org\/#\/schema\/person\/0a4d32f78db94d19767e56c86230cbac"},"headline":"Cuidar ya es hacer econom\u00eda","datePublished":"2025-09-18T14:16:35+00:00","dateModified":"2025-09-18T14:42:18+00:00","mainEntityOfPage":{"@id":"https:\/\/francescoeconomy.org\/es\/cuidar-ya-es-hacer-economia\/"},"wordCount":4403,"commentCount":0,"publisher":{"@id":"https:\/\/francescoeconomy.org\/#organization"},"image":{"@id":"https:\/\/francescoeconomy.org\/es\/cuidar-ya-es-hacer-economia\/#primaryimage"},"thumbnailUrl":"https:\/\/francescoeconomy.org\/wp-content\/uploads\/2025\/09\/NicolyeMondle.jpg","keywords":["EoF 2025 Global Event","EoF people"],"articleSection":["EoF PEOPLE","Noticias","WHAT&#8217;S ON"],"inLanguage":"es","potentialAction":[{"@type":"CommentAction","name":"Comment","target":["https:\/\/francescoeconomy.org\/es\/cuidar-ya-es-hacer-economia\/#respond"]}]},{"@type":"WebPage","@id":"https:\/\/francescoeconomy.org\/es\/cuidar-ya-es-hacer-economia\/","url":"https:\/\/francescoeconomy.org\/es\/cuidar-ya-es-hacer-economia\/","name":"Cuidar ya es hacer econom\u00eda | The Economy of Francesco","isPartOf":{"@id":"https:\/\/francescoeconomy.org\/#website"},"primaryImageOfPage":{"@id":"https:\/\/francescoeconomy.org\/es\/cuidar-ya-es-hacer-economia\/#primaryimage"},"image":{"@id":"https:\/\/francescoeconomy.org\/es\/cuidar-ya-es-hacer-economia\/#primaryimage"},"thumbnailUrl":"https:\/\/francescoeconomy.org\/wp-content\/uploads\/2025\/09\/NicolyeMondle.jpg","datePublished":"2025-09-18T14:16:35+00:00","dateModified":"2025-09-18T14:42:18+00:00","breadcrumb":{"@id":"https:\/\/francescoeconomy.org\/es\/cuidar-ya-es-hacer-economia\/#breadcrumb"},"inLanguage":"es","potentialAction":[{"@type":"ReadAction","target":["https:\/\/francescoeconomy.org\/es\/cuidar-ya-es-hacer-economia\/"]}]},{"@type":"ImageObject","inLanguage":"es","@id":"https:\/\/francescoeconomy.org\/es\/cuidar-ya-es-hacer-economia\/#primaryimage","url":"https:\/\/francescoeconomy.org\/wp-content\/uploads\/2025\/09\/NicolyeMondle.jpg","contentUrl":"https:\/\/francescoeconomy.org\/wp-content\/uploads\/2025\/09\/NicolyeMondle.jpg","width":569,"height":880},{"@type":"BreadcrumbList","@id":"https:\/\/francescoeconomy.org\/es\/cuidar-ya-es-hacer-economia\/#breadcrumb","itemListElement":[{"@type":"ListItem","position":1,"name":"Home","item":"https:\/\/francescoeconomy.org\/es\/"},{"@type":"ListItem","position":2,"name":"Cuidar ya es hacer econom\u00eda"}]},{"@type":"WebSite","@id":"https:\/\/francescoeconomy.org\/#website","url":"https:\/\/francescoeconomy.org\/","name":"The Economy of Francesco","description":"Young people, a commitment, the future","publisher":{"@id":"https:\/\/francescoeconomy.org\/#organization"},"potentialAction":[{"@type":"SearchAction","target":{"@type":"EntryPoint","urlTemplate":"https:\/\/francescoeconomy.org\/?s={search_term_string}"},"query-input":{"@type":"PropertyValueSpecification","valueRequired":true,"valueName":"search_term_string"}}],"inLanguage":"es"},{"@type":"Organization","@id":"https:\/\/francescoeconomy.org\/#organization","name":"The Economy of Francesco","url":"https:\/\/francescoeconomy.org\/","logo":{"@type":"ImageObject","inLanguage":"es","@id":"https:\/\/francescoeconomy.org\/#\/schema\/logo\/image\/","url":"https:\/\/francescoeconomy.org\/wp-content\/uploads\/2019\/06\/Logo-EoF2020-tracciato.png","contentUrl":"https:\/\/francescoeconomy.org\/wp-content\/uploads\/2019\/06\/Logo-EoF2020-tracciato.png","width":513,"height":513,"caption":"The Economy of Francesco"},"image":{"@id":"https:\/\/francescoeconomy.org\/#\/schema\/logo\/image\/"}},{"@type":"Person","@id":"https:\/\/francescoeconomy.org\/#\/schema\/person\/0a4d32f78db94d19767e56c86230cbac","name":"Redazione EoF2020","image":{"@type":"ImageObject","inLanguage":"es","@id":"https:\/\/secure.gravatar.com\/avatar\/51c54530e7ca8d246384f0e18612ba96bd45ad0728553869a5bef56e89529ab9?s=96&d=mm&r=g","url":"https:\/\/secure.gravatar.com\/avatar\/51c54530e7ca8d246384f0e18612ba96bd45ad0728553869a5bef56e89529ab9?s=96&d=mm&r=g","contentUrl":"https:\/\/secure.gravatar.com\/avatar\/51c54530e7ca8d246384f0e18612ba96bd45ad0728553869a5bef56e89529ab9?s=96&d=mm&r=g","caption":"Redazione EoF2020"}}]}},"_links":{"self":[{"href":"https:\/\/francescoeconomy.org\/es\/wp-json\/wp\/v2\/posts\/31417","targetHints":{"allow":["GET"]}}],"collection":[{"href":"https:\/\/francescoeconomy.org\/es\/wp-json\/wp\/v2\/posts"}],"about":[{"href":"https:\/\/francescoeconomy.org\/es\/wp-json\/wp\/v2\/types\/post"}],"author":[{"embeddable":true,"href":"https:\/\/francescoeconomy.org\/es\/wp-json\/wp\/v2\/users\/3"}],"replies":[{"embeddable":true,"href":"https:\/\/francescoeconomy.org\/es\/wp-json\/wp\/v2\/comments?post=31417"}],"version-history":[{"count":4,"href":"https:\/\/francescoeconomy.org\/es\/wp-json\/wp\/v2\/posts\/31417\/revisions"}],"predecessor-version":[{"id":31421,"href":"https:\/\/francescoeconomy.org\/es\/wp-json\/wp\/v2\/posts\/31417\/revisions\/31421"}],"wp:featuredmedia":[{"embeddable":true,"href":"https:\/\/francescoeconomy.org\/es\/wp-json\/wp\/v2\/media\/31391"}],"wp:attachment":[{"href":"https:\/\/francescoeconomy.org\/es\/wp-json\/wp\/v2\/media?parent=31417"}],"wp:term":[{"taxonomy":"category","embeddable":true,"href":"https:\/\/francescoeconomy.org\/es\/wp-json\/wp\/v2\/categories?post=31417"},{"taxonomy":"post_tag","embeddable":true,"href":"https:\/\/francescoeconomy.org\/es\/wp-json\/wp\/v2\/tags?post=31417"}],"curies":[{"name":"wp","href":"https:\/\/api.w.org\/{rel}","templated":true}]}}