{"id":14252,"date":"2021-10-19T16:27:32","date_gmt":"2021-10-19T14:27:32","guid":{"rendered":"https:\/\/francescoeconomy.org\/?p=14252"},"modified":"2021-10-19T16:56:07","modified_gmt":"2021-10-19T14:56:07","slug":"eof-ad-assisi-ci-sara-lexpo-di-francesco-leconomia-del-papa-ha-messo-radici","status":"publish","type":"post","link":"https:\/\/francescoeconomy.org\/it\/eof-ad-assisi-ci-sara-lexpo-di-francesco-leconomia-del-papa-ha-messo-radici\/","title":{"rendered":"EoF. &#8220;Ad Assisi ci sar\u00e0 l&#8217;Expo di Francesco. L&#8217;economia del Papa ha messo radici&#8221;"},"content":{"rendered":"<div class=\"fusion-fullwidth fullwidth-box fusion-builder-row-1 fusion-flex-container nonhundred-percent-fullwidth non-hundred-percent-height-scrolling\" style=\"--awb-border-radius-top-left:0px;--awb-border-radius-top-right:0px;--awb-border-radius-bottom-right:0px;--awb-border-radius-bottom-left:0px;--awb-flex-wrap:wrap;\" ><div class=\"fusion-builder-row fusion-row fusion-flex-align-items-flex-start fusion-flex-content-wrap\" style=\"max-width:1248px;margin-left: calc(-4% \/ 2 );margin-right: calc(-4% \/ 2 );\"><div class=\"fusion-layout-column fusion_builder_column fusion-builder-column-0 fusion_builder_column_1_1 1_1 fusion-flex-column\" style=\"--awb-bg-size:cover;--awb-width-large:100%;--awb-margin-top-large:0px;--awb-spacing-right-large:1.92%;--awb-margin-bottom-large:20px;--awb-spacing-left-large:1.92%;--awb-width-medium:100%;--awb-order-medium:0;--awb-spacing-right-medium:1.92%;--awb-spacing-left-medium:1.92%;--awb-width-small:100%;--awb-order-small:0;--awb-spacing-right-small:1.92%;--awb-spacing-left-small:1.92%;\"><div class=\"fusion-column-wrapper fusion-column-has-shadow fusion-flex-justify-content-flex-start fusion-content-layout-column\"><div class=\"fusion-text fusion-text-1\"><h1 style=\"text-align: center;\">EoF: &#8220;Ad Assisi ci sar\u00e0 l&#8217;Expo di Francesco. L&#8217;economia del Papa ha messo radici&#8221;<\/h1>\n<h2>Luigino Bruni, direttore scientifico di EoF presenta l&#8217;evento del 2 ottobre con incontri virtuali tra imprenditori, studiosi, giovani. E propone un nuovo modello di impresa \u00abvegetale\u00bb<\/h2>\n<p style=\"text-align: right;\">di LUCIA CAPUZZI (<em>Avvenire<\/em>, 24 settembre 2021)<\/p>\n<\/div><\/div><\/div><div class=\"fusion-layout-column fusion_builder_column fusion-builder-column-1 fusion_builder_column_1_3 1_3 fusion-flex-column\" style=\"--awb-bg-size:cover;--awb-width-large:33.333333333333%;--awb-margin-top-large:0px;--awb-spacing-right-large:5.76%;--awb-margin-bottom-large:20px;--awb-spacing-left-large:5.76%;--awb-width-medium:100%;--awb-order-medium:0;--awb-spacing-right-medium:1.92%;--awb-spacing-left-medium:1.92%;--awb-width-small:100%;--awb-order-small:0;--awb-spacing-right-small:1.92%;--awb-spacing-left-small:1.92%;\"><div class=\"fusion-column-wrapper fusion-column-has-shadow fusion-flex-justify-content-flex-start fusion-content-layout-column\"><div class=\"fusion-image-element \" style=\"text-align:center;--awb-caption-title-font-family:var(--h2_typography-font-family);--awb-caption-title-font-weight:var(--h2_typography-font-weight);--awb-caption-title-font-style:var(--h2_typography-font-style);--awb-caption-title-size:var(--h2_typography-font-size);--awb-caption-title-transform:var(--h2_typography-text-transform);--awb-caption-title-line-height:var(--h2_typography-line-height);--awb-caption-title-letter-spacing:var(--h2_typography-letter-spacing);\"><span class=\" fusion-imageframe imageframe-none imageframe-1 hover-type-none\"><img decoding=\"async\" width=\"206\" height=\"206\" title=\"bruni_trees\" src=\"https:\/\/francescoeconomy.org\/wp-content\/uploads\/2021\/10\/bruni_trees.jpg\" data-orig-src=\"https:\/\/francescoeconomy.org\/wp-content\/uploads\/2021\/10\/bruni_trees.jpg\" alt class=\"lazyload img-responsive wp-image-14178\" srcset=\"data:image\/svg+xml,%3Csvg%20xmlns%3D%27http%3A%2F%2Fwww.w3.org%2F2000%2Fsvg%27%20width%3D%27206%27%20height%3D%27206%27%20viewBox%3D%270%200%20206%20206%27%3E%3Crect%20width%3D%27206%27%20height%3D%27206%27%20fill-opacity%3D%220%22%2F%3E%3C%2Fsvg%3E\" data-srcset=\"https:\/\/francescoeconomy.org\/wp-content\/uploads\/2021\/10\/bruni_trees-200x200.jpg 200w, https:\/\/francescoeconomy.org\/wp-content\/uploads\/2021\/10\/bruni_trees.jpg 206w\" data-sizes=\"auto\" data-orig-sizes=\"(max-width: 720px) 100vw, (max-width: 640px) 100vw, 206px\" \/><\/span><\/div><\/div><\/div><div class=\"fusion-layout-column fusion_builder_column fusion-builder-column-2 fusion_builder_column_2_3 2_3 fusion-flex-column\" style=\"--awb-bg-size:cover;--awb-width-large:66.666666666667%;--awb-margin-top-large:0px;--awb-spacing-right-large:2.88%;--awb-margin-bottom-large:20px;--awb-spacing-left-large:2.88%;--awb-width-medium:100%;--awb-order-medium:0;--awb-spacing-right-medium:1.92%;--awb-spacing-left-medium:1.92%;--awb-width-small:100%;--awb-order-small:0;--awb-spacing-right-small:1.92%;--awb-spacing-left-small:1.92%;\"><div class=\"fusion-column-wrapper fusion-column-has-shadow fusion-flex-justify-content-flex-start fusion-content-layout-column\"><div class=\"fusion-text fusion-text-2\"><p><strong>Cinquecento milioni di anni fa, hanno fatto una scelta irrevocabile: si sono fermate. Hanno messo radici, non in senso metaforico. Ancorate al suolo, non hanno potuto fuggire dagli assalti dei predatori o dalle sferzate delle catastrofi ambientali.<\/strong><\/p>\n<p><strong>Le piante, per\u00f2, hanno fatto di questa apparente fragilit\u00e0, la loro forza<\/strong>. Immobili e mansuete, hanno incassato i colpi degli altri viventi. Invece di soccombere hanno imparato a resistere. E a sopravvivere anche quando l\u201980 per cento del loro corpo \u00e8 stato divorato dalla furia degli umani o della natura. Per questo, gli esseri vegetali hanno molto da insegnare agli animali, donne e uomini inclusi. E a tutto ci\u00f2 che su di loro \u00e8 stato modellato. A partire dall\u2019economia.<\/p>\n<\/div><\/div><\/div><div class=\"fusion-layout-column fusion_builder_column fusion-builder-column-3 fusion_builder_column_1_1 1_1 fusion-flex-column\" style=\"--awb-bg-size:cover;--awb-width-large:100%;--awb-margin-top-large:0px;--awb-spacing-right-large:1.92%;--awb-margin-bottom-large:20px;--awb-spacing-left-large:1.92%;--awb-width-medium:100%;--awb-order-medium:0;--awb-spacing-right-medium:1.92%;--awb-spacing-left-medium:1.92%;--awb-width-small:100%;--awb-order-small:0;--awb-spacing-right-small:1.92%;--awb-spacing-left-small:1.92%;\"><div class=\"fusion-column-wrapper fusion-column-has-shadow fusion-flex-justify-content-flex-start fusion-content-layout-column\"><div class=\"fusion-text fusion-text-3\"><p>Ne \u00e8 convinto <strong>Luigino Bruni<\/strong>, economista della Lumsa e saggista, tra i padri dell\u2019economia di comunione e direttore scientifico di \u201cThe Economy of Francesco\u201d. Il grande movimento di giovani impegnati nella costruzione di un\u2019altra economia possibile \u2013 convocato da papa Francesco \u2013 far\u00e0 incontrare virtualmente il 2 ottobre, per la seconda volta, imprenditori e studiosi dei cinque Continenti. Coniugando locale e globale, radicamento e apertura, oltre quaranta citt\u00e0 sparse per il globo ospiteranno un\u2019iniziativa sul proprio territorio.<\/p>\n<p>In attesa del grande incontro in presenza con il Pontefice del 2022, tutti, poi, si collegheranno in diretta streaming con il Palazzo del Monte Frumentario di Assisi per ascoltare gli interventi di figure di fama internazionale, tra cui Vandana Shiva, Jennifer Nedelsky, Partha Dasgupta, Sabina Alkire e Jeffrey Sachs. A concludere l\u2019iniziativa, prima dell\u2019atteso messaggio del Papa, un dialogo con <strong>Stefano Mancuso, direttore del Laboratorio di neurobiologia vegetale di Firenze, tra i pionieri della cosiddetta \u00abeconomia vegetale\u00bb.<\/strong><\/p>\n<\/div><\/div><\/div><div class=\"fusion-layout-column fusion_builder_column fusion-builder-column-4 fusion_builder_column_1_2 1_2 fusion-flex-column\" style=\"--awb-bg-size:cover;--awb-width-large:50%;--awb-margin-top-large:0px;--awb-spacing-right-large:3.84%;--awb-margin-bottom-large:20px;--awb-spacing-left-large:3.84%;--awb-width-medium:100%;--awb-order-medium:0;--awb-spacing-right-medium:1.92%;--awb-spacing-left-medium:1.92%;--awb-width-small:100%;--awb-order-small:0;--awb-spacing-right-small:1.92%;--awb-spacing-left-small:1.92%;\"><div class=\"fusion-column-wrapper fusion-column-has-shadow fusion-flex-justify-content-flex-start fusion-content-layout-column\"><div class=\"fusion-image-element \" style=\"--awb-caption-title-font-family:var(--h2_typography-font-family);--awb-caption-title-font-weight:var(--h2_typography-font-weight);--awb-caption-title-font-style:var(--h2_typography-font-style);--awb-caption-title-size:var(--h2_typography-font-size);--awb-caption-title-transform:var(--h2_typography-text-transform);--awb-caption-title-line-height:var(--h2_typography-line-height);--awb-caption-title-letter-spacing:var(--h2_typography-letter-spacing);\"><span class=\" fusion-imageframe imageframe-none imageframe-2 hover-type-none\"><img decoding=\"async\" width=\"850\" height=\"567\" title=\"bruni2021\" src=\"https:\/\/francescoeconomy.org\/wp-content\/uploads\/2021\/10\/bruni2021.jpg\" data-orig-src=\"https:\/\/francescoeconomy.org\/wp-content\/uploads\/2021\/10\/bruni2021.jpg\" alt class=\"lazyload img-responsive wp-image-14206\" srcset=\"data:image\/svg+xml,%3Csvg%20xmlns%3D%27http%3A%2F%2Fwww.w3.org%2F2000%2Fsvg%27%20width%3D%27850%27%20height%3D%27567%27%20viewBox%3D%270%200%20850%20567%27%3E%3Crect%20width%3D%27850%27%20height%3D%27567%27%20fill-opacity%3D%220%22%2F%3E%3C%2Fsvg%3E\" data-srcset=\"https:\/\/francescoeconomy.org\/wp-content\/uploads\/2021\/10\/bruni2021-200x133.jpg 200w, https:\/\/francescoeconomy.org\/wp-content\/uploads\/2021\/10\/bruni2021-400x267.jpg 400w, https:\/\/francescoeconomy.org\/wp-content\/uploads\/2021\/10\/bruni2021-600x400.jpg 600w, https:\/\/francescoeconomy.org\/wp-content\/uploads\/2021\/10\/bruni2021-800x534.jpg 800w, https:\/\/francescoeconomy.org\/wp-content\/uploads\/2021\/10\/bruni2021.jpg 850w\" data-sizes=\"auto\" data-orig-sizes=\"(max-width: 720px) 100vw, (max-width: 640px) 100vw, 600px\" \/><\/span><\/div><\/div><\/div><div class=\"fusion-layout-column fusion_builder_column fusion-builder-column-5 fusion_builder_column_1_2 1_2 fusion-flex-column\" style=\"--awb-bg-size:cover;--awb-width-large:50%;--awb-margin-top-large:0px;--awb-spacing-right-large:3.84%;--awb-margin-bottom-large:20px;--awb-spacing-left-large:3.84%;--awb-width-medium:100%;--awb-order-medium:0;--awb-spacing-right-medium:1.92%;--awb-spacing-left-medium:1.92%;--awb-width-small:100%;--awb-order-small:0;--awb-spacing-right-small:1.92%;--awb-spacing-left-small:1.92%;\"><div class=\"fusion-column-wrapper fusion-column-has-shadow fusion-flex-justify-content-flex-start fusion-content-layout-column\"><div class=\"fusion-text fusion-text-4\"><p><strong>Che cosa si intende con questo termine e come pu\u00f2 contribuire alla costruzione di un nuovo paradigma economico?<\/strong><\/p>\n<p>L\u2019economia capitalista, ispirata dal modello nordico e dagli Stati Uniti del XIX e XX secolo, si \u00e8 articolata sul modello animale: una forte divisione funzionale del lavoro e un ordine gerarchico. Questa organizzazione ha consentito alle imprese di spostarsi rapidamente alla ricerca di nuove opportunit\u00e0 e risorse. E ha dato loro grande capacit\u00e0 di adattamento di fronte agli stimoli esterni. Esse sono, cos\u00ec, diventate l\u2019organismo di maggior successo, le grandi vincitrici della sfida evolutiva del nostro tempo iper-veloce, soprattutto se confrontate con le comunit\u00e0 civili e politiche, molto pi\u00f9 lente, democratiche, ancorate sul territorio.<\/p>\n<\/div><\/div><\/div><div class=\"fusion-layout-column fusion_builder_column fusion-builder-column-6 fusion_builder_column_1_1 1_1 fusion-flex-column\" style=\"--awb-bg-size:cover;--awb-width-large:100%;--awb-margin-top-large:0px;--awb-spacing-right-large:1.92%;--awb-margin-bottom-large:20px;--awb-spacing-left-large:1.92%;--awb-width-medium:100%;--awb-order-medium:0;--awb-spacing-right-medium:1.92%;--awb-spacing-left-medium:1.92%;--awb-width-small:100%;--awb-order-small:0;--awb-spacing-right-small:1.92%;--awb-spacing-left-small:1.92%;\"><div class=\"fusion-column-wrapper fusion-column-has-shadow fusion-flex-justify-content-flex-start fusion-content-layout-column\"><div class=\"fusion-text fusion-text-5\"><p>Nel nuovo millennio, l\u2019irruzione sulla scena di Internet, come una sorta di meteorite, ha modificato il \u201cclima\u201d e, d\u2019improvviso, sono spuntate aziende che somigliano molto alle piante, come la stessa metafora delle rete e della ragnatela ci ricordano. Per muoversi con efficacia in un questo nuovo habitat, dunque, l\u2019impresa deve stravolgere il modello gerarchico- funzionale.<\/p>\n<p><strong>In che modo?<\/strong><\/p>\n<p>Attivando tutte le cellule del \u201ccorpo imprenditoriale\u201d, proprio come le piante che respirano, ricordano, ascoltano, parlano con la totalit\u00e0 del proprio essere. Se il centro vitale risiede in un solo organo, \u00e8 sufficiente colpire questo per uccidere l\u2019intero organismo. Decentrare, spalmare le funzioni nella compagine sociale \u00e8 la chiave della resistenza e della resilienza vegetale. Le nostre cooperative lo avevano compreso: la loro forza sta nell\u2019aver sviluppato una distribuzione delle funzioni in tutto il corpo, rinunciando al rigido controllo gerarchico. I protagonisti capaci di abitare con successo il \u201ctempo della ragnatela\u201d saranno, pertanto, organizzazioni sempre pi\u00f9 diffuse e orizzontali, non solo nella gestione ma anche per quanto riguarda diritti di propriet\u00e0 e distribuzione delle ricchezze. Finch\u00e9 non inizieremo a pensare a nuove forme di propriet\u00e0 diffuse, imiteremmo le piante restando predatori.<\/p>\n<p><strong>Anche a questo cambiamento contribuisce il grande fermento innescato da \u201cThe Economy of Francesco\u201d. L\u2019evento di quest\u2019anno pu\u00f2 essere, tra l\u2019altro, descritto proprio con una metafora vegetale: il momento del raccolto. Che cosa significa?<\/strong><\/p>\n<p>Su convocazione di papa Francesco, si \u00e8 messo in moto un processo inedito, tra l\u2019altro nei due anni pi\u00f9 difficili dal Dopoguerra a causa della pandemia. E, fatto unico al momento, si \u00e8 creato un movimento economico globale fatto realmente da giovani. Se l\u2019anno scorso \u00e8 stato il momento della semina, ora possiamo raccogliere i frutti delle molte esperienze concrete nate: imprese, filoni di ricerca, tesi. Il 2 ottobre sar\u00e0 \u201cl\u2019Expo di Francesco\u201d: l\u2019esposizione di come la nuova economia \u00e8 gi\u00e0 in atto nonostante il pessimismo dominante.<\/p>\n<p><strong>Quale apporto \u201cThe Economy of Francesco\u201d pu\u00f2 e sta dando a una nuova economia?<\/strong><\/p>\n<p>L\u2019orizzonte del principio francescano per antonomasia: la fraternit\u00e0. Una condivisione non solo di denaro bens\u00ec di energie, talenti, progetti.<\/p>\n<p><strong>Qual \u00e8 la sua speranza per questa edizione di \u201cThe Economy of Francesco\u201d in attesa del grande incontro con il Papa del 2022?<\/strong><\/p>\n<p>Spero che sia una festa. Una festa dei giovani che sono i reali protagonisti del movimento. Il Papa ripete spesso che l\u2019importante non \u00e8 occupare spazi bens\u00ec avviare processi. Nessuno come i giovani \u00e8 capace di farlo perch\u00e9 la loro grande risorsa \u00e8 il tempo: il presente e il futuro. Per crescere, per\u00f2, i processi non devono avere padroni. Per questo, \u201cThe Economy of Francesco\u201d non ha una \u201clinea\u201d rigida n\u00e9 un modello prestabilito: raccoglie e include quante pi\u00f9 esperienze possibili. Gli unici suoi leader di riferimento sono due Francesco: il poverello d\u2019Assisi e il Pontefice arrivato dalla fine del mondo.<\/p>\n<\/div><div class=\"fusion-image-element \" style=\"text-align:center;--awb-caption-title-font-family:var(--h2_typography-font-family);--awb-caption-title-font-weight:var(--h2_typography-font-weight);--awb-caption-title-font-style:var(--h2_typography-font-style);--awb-caption-title-size:var(--h2_typography-font-size);--awb-caption-title-transform:var(--h2_typography-text-transform);--awb-caption-title-line-height:var(--h2_typography-line-height);--awb-caption-title-letter-spacing:var(--h2_typography-letter-spacing);\"><span class=\" fusion-imageframe imageframe-none imageframe-3 hover-type-none\"><img decoding=\"async\" width=\"713\" height=\"400\" title=\"mancuso_oct2\" src=\"https:\/\/francescoeconomy.org\/wp-content\/uploads\/2021\/10\/mancuso_oct2.png\" data-orig-src=\"https:\/\/francescoeconomy.org\/wp-content\/uploads\/2021\/10\/mancuso_oct2.png\" alt class=\"lazyload img-responsive wp-image-14172\" srcset=\"data:image\/svg+xml,%3Csvg%20xmlns%3D%27http%3A%2F%2Fwww.w3.org%2F2000%2Fsvg%27%20width%3D%27713%27%20height%3D%27400%27%20viewBox%3D%270%200%20713%20400%27%3E%3Crect%20width%3D%27713%27%20height%3D%27400%27%20fill-opacity%3D%220%22%2F%3E%3C%2Fsvg%3E\" data-srcset=\"https:\/\/francescoeconomy.org\/wp-content\/uploads\/2021\/10\/mancuso_oct2-200x112.png 200w, https:\/\/francescoeconomy.org\/wp-content\/uploads\/2021\/10\/mancuso_oct2-400x224.png 400w, https:\/\/francescoeconomy.org\/wp-content\/uploads\/2021\/10\/mancuso_oct2-600x337.png 600w, https:\/\/francescoeconomy.org\/wp-content\/uploads\/2021\/10\/mancuso_oct2.png 713w\" data-sizes=\"auto\" data-orig-sizes=\"(max-width: 720px) 100vw, (max-width: 640px) 100vw, 713px\" \/><\/span><\/div><div class=\"fusion-text fusion-text-6\"><h3><a href=\"https:\/\/www.avvenire.it\/economia\/pagine\/intervista-economy-of-francesco-2021?fbclid=IwAR03ARQutA7o9MsO2-jF1IsA-ffX-x-4FFnD8OGoCvvlW-yKMgnc_KoXk9U\" target=\"_blank\" rel=\"noopener noreferrer\">VAI ALL&#8217; ARTICOLO<\/a><\/h3>\n<\/div><\/div><\/div><\/div><\/div>\n","protected":false},"excerpt":{"rendered":"<p>Da un articolo del 24 settembre: Cinquecento milioni di anni fa, hanno fatto una scelta irrevocabile: si sono fermate. Hanno messo radici, non in senso metaforico. Ancorate al suolo, non hanno potuto fuggire dagli assalti dei predatori o dalle sferzate delle catastrofi ambientali. Le piante, per\u00f2, hanno fatto di questa apparente fragilit\u00e0, la loro forza.<\/p>\n","protected":false},"author":3,"featured_media":14275,"comment_status":"open","ping_status":"closed","sticky":false,"template":"","format":"standard","meta":{"footnotes":""},"categories":[248,60,16,240],"tags":[327,281,261],"class_list":["post-14252","post","type-post","status-publish","format-standard","has-post-thumbnail","hentry","category-eof-people-2-it","category-main-stage-posts-it","category-notizie","category-whats-on-it","tag-economia-vegetale","tag-event-it","tag-evento"],"yoast_head":"<!-- This site is optimized with the Yoast SEO plugin v27.5 - https:\/\/yoast.com\/product\/yoast-seo-wordpress\/ -->\n<title>EoF. &quot;Ad Assisi ci sar\u00e0 l&#039;Expo di Francesco. L&#039;economia del Papa ha messo radici&quot; | The Economy of Francesco<\/title>\n<meta name=\"robots\" content=\"index, follow, max-snippet:-1, max-image-preview:large, max-video-preview:-1\" \/>\n<link rel=\"canonical\" href=\"https:\/\/francescoeconomy.org\/it\/eof-ad-assisi-ci-sara-lexpo-di-francesco-leconomia-del-papa-ha-messo-radici\/\" \/>\n<meta property=\"og:locale\" content=\"it_IT\" \/>\n<meta property=\"og:type\" content=\"article\" \/>\n<meta property=\"og:title\" content=\"EoF. &quot;Ad Assisi ci sar\u00e0 l&#039;Expo di Francesco. L&#039;economia del Papa ha messo radici&quot; | The Economy of Francesco\" \/>\n<meta property=\"og:description\" content=\"Da un articolo del 24 settembre: Cinquecento milioni di anni fa, hanno fatto una scelta irrevocabile: si sono fermate. Hanno messo radici, non in senso metaforico. Ancorate al suolo, non hanno potuto fuggire dagli assalti dei predatori o dalle sferzate delle catastrofi ambientali. Le piante, per\u00f2, hanno fatto di questa apparente fragilit\u00e0, la loro forza.\" \/>\n<meta property=\"og:url\" content=\"https:\/\/francescoeconomy.org\/it\/eof-ad-assisi-ci-sara-lexpo-di-francesco-leconomia-del-papa-ha-messo-radici\/\" \/>\n<meta property=\"og:site_name\" content=\"The Economy of Francesco\" \/>\n<meta property=\"article:published_time\" content=\"2021-10-19T14:27:32+00:00\" \/>\n<meta property=\"article:modified_time\" content=\"2021-10-19T14:56:07+00:00\" \/>\n<meta property=\"og:image\" content=\"https:\/\/francescoeconomy.org\/wp-content\/uploads\/2021\/10\/PHOTO-2021-10-02-08-22-46.jpg\" \/>\n\t<meta property=\"og:image:width\" content=\"1600\" \/>\n\t<meta property=\"og:image:height\" content=\"1071\" \/>\n\t<meta property=\"og:image:type\" content=\"image\/jpeg\" \/>\n<meta name=\"author\" content=\"Redazione EoF2020\" \/>\n<meta name=\"twitter:card\" content=\"summary_large_image\" \/>\n<meta name=\"twitter:label1\" content=\"Scritto da\" \/>\n\t<meta name=\"twitter:data1\" content=\"Redazione EoF2020\" \/>\n\t<meta name=\"twitter:label2\" content=\"Tempo di lettura stimato\" \/>\n\t<meta name=\"twitter:data2\" content=\"9 minuti\" \/>\n<script type=\"application\/ld+json\" class=\"yoast-schema-graph\">{\"@context\":\"https:\\\/\\\/schema.org\",\"@graph\":[{\"@type\":\"Article\",\"@id\":\"https:\\\/\\\/francescoeconomy.org\\\/it\\\/eof-ad-assisi-ci-sara-lexpo-di-francesco-leconomia-del-papa-ha-messo-radici\\\/#article\",\"isPartOf\":{\"@id\":\"https:\\\/\\\/francescoeconomy.org\\\/it\\\/eof-ad-assisi-ci-sara-lexpo-di-francesco-leconomia-del-papa-ha-messo-radici\\\/\"},\"author\":{\"name\":\"Redazione EoF2020\",\"@id\":\"https:\\\/\\\/francescoeconomy.org\\\/#\\\/schema\\\/person\\\/0a4d32f78db94d19767e56c86230cbac\"},\"headline\":\"EoF. &#8220;Ad Assisi ci sar\u00e0 l&#8217;Expo di Francesco. L&#8217;economia del Papa ha messo radici&#8221;\",\"datePublished\":\"2021-10-19T14:27:32+00:00\",\"dateModified\":\"2021-10-19T14:56:07+00:00\",\"mainEntityOfPage\":{\"@id\":\"https:\\\/\\\/francescoeconomy.org\\\/it\\\/eof-ad-assisi-ci-sara-lexpo-di-francesco-leconomia-del-papa-ha-messo-radici\\\/\"},\"wordCount\":3458,\"commentCount\":0,\"publisher\":{\"@id\":\"https:\\\/\\\/francescoeconomy.org\\\/#organization\"},\"image\":{\"@id\":\"https:\\\/\\\/francescoeconomy.org\\\/it\\\/eof-ad-assisi-ci-sara-lexpo-di-francesco-leconomia-del-papa-ha-messo-radici\\\/#primaryimage\"},\"thumbnailUrl\":\"https:\\\/\\\/francescoeconomy.org\\\/wp-content\\\/uploads\\\/2021\\\/10\\\/PHOTO-2021-10-02-08-22-46.jpg\",\"keywords\":[\"Economia Vegetale\",\"event\",\"evento\"],\"articleSection\":[\"EoF PEOPLE\",\"Main Stage\",\"Notizie\",\"WHAT&#8217;S ON\"],\"inLanguage\":\"it-IT\",\"potentialAction\":[{\"@type\":\"CommentAction\",\"name\":\"Comment\",\"target\":[\"https:\\\/\\\/francescoeconomy.org\\\/it\\\/eof-ad-assisi-ci-sara-lexpo-di-francesco-leconomia-del-papa-ha-messo-radici\\\/#respond\"]}]},{\"@type\":\"WebPage\",\"@id\":\"https:\\\/\\\/francescoeconomy.org\\\/it\\\/eof-ad-assisi-ci-sara-lexpo-di-francesco-leconomia-del-papa-ha-messo-radici\\\/\",\"url\":\"https:\\\/\\\/francescoeconomy.org\\\/it\\\/eof-ad-assisi-ci-sara-lexpo-di-francesco-leconomia-del-papa-ha-messo-radici\\\/\",\"name\":\"EoF. \\\"Ad Assisi ci sar\u00e0 l'Expo di Francesco. L'economia del Papa ha messo radici\\\" | The Economy of Francesco\",\"isPartOf\":{\"@id\":\"https:\\\/\\\/francescoeconomy.org\\\/#website\"},\"primaryImageOfPage\":{\"@id\":\"https:\\\/\\\/francescoeconomy.org\\\/it\\\/eof-ad-assisi-ci-sara-lexpo-di-francesco-leconomia-del-papa-ha-messo-radici\\\/#primaryimage\"},\"image\":{\"@id\":\"https:\\\/\\\/francescoeconomy.org\\\/it\\\/eof-ad-assisi-ci-sara-lexpo-di-francesco-leconomia-del-papa-ha-messo-radici\\\/#primaryimage\"},\"thumbnailUrl\":\"https:\\\/\\\/francescoeconomy.org\\\/wp-content\\\/uploads\\\/2021\\\/10\\\/PHOTO-2021-10-02-08-22-46.jpg\",\"datePublished\":\"2021-10-19T14:27:32+00:00\",\"dateModified\":\"2021-10-19T14:56:07+00:00\",\"breadcrumb\":{\"@id\":\"https:\\\/\\\/francescoeconomy.org\\\/it\\\/eof-ad-assisi-ci-sara-lexpo-di-francesco-leconomia-del-papa-ha-messo-radici\\\/#breadcrumb\"},\"inLanguage\":\"it-IT\",\"potentialAction\":[{\"@type\":\"ReadAction\",\"target\":[\"https:\\\/\\\/francescoeconomy.org\\\/it\\\/eof-ad-assisi-ci-sara-lexpo-di-francesco-leconomia-del-papa-ha-messo-radici\\\/\"]}]},{\"@type\":\"ImageObject\",\"inLanguage\":\"it-IT\",\"@id\":\"https:\\\/\\\/francescoeconomy.org\\\/it\\\/eof-ad-assisi-ci-sara-lexpo-di-francesco-leconomia-del-papa-ha-messo-radici\\\/#primaryimage\",\"url\":\"https:\\\/\\\/francescoeconomy.org\\\/wp-content\\\/uploads\\\/2021\\\/10\\\/PHOTO-2021-10-02-08-22-46.jpg\",\"contentUrl\":\"https:\\\/\\\/francescoeconomy.org\\\/wp-content\\\/uploads\\\/2021\\\/10\\\/PHOTO-2021-10-02-08-22-46.jpg\",\"width\":1600,\"height\":1071},{\"@type\":\"BreadcrumbList\",\"@id\":\"https:\\\/\\\/francescoeconomy.org\\\/it\\\/eof-ad-assisi-ci-sara-lexpo-di-francesco-leconomia-del-papa-ha-messo-radici\\\/#breadcrumb\",\"itemListElement\":[{\"@type\":\"ListItem\",\"position\":1,\"name\":\"Home\",\"item\":\"https:\\\/\\\/francescoeconomy.org\\\/it\\\/\"},{\"@type\":\"ListItem\",\"position\":2,\"name\":\"EoF. &#8220;Ad Assisi ci sar\u00e0 l&#8217;Expo di Francesco. L&#8217;economia del Papa ha messo radici&#8221;\"}]},{\"@type\":\"WebSite\",\"@id\":\"https:\\\/\\\/francescoeconomy.org\\\/#website\",\"url\":\"https:\\\/\\\/francescoeconomy.org\\\/\",\"name\":\"The Economy of Francesco\",\"description\":\"Young people, a commitment, the future\",\"publisher\":{\"@id\":\"https:\\\/\\\/francescoeconomy.org\\\/#organization\"},\"potentialAction\":[{\"@type\":\"SearchAction\",\"target\":{\"@type\":\"EntryPoint\",\"urlTemplate\":\"https:\\\/\\\/francescoeconomy.org\\\/?s={search_term_string}\"},\"query-input\":{\"@type\":\"PropertyValueSpecification\",\"valueRequired\":true,\"valueName\":\"search_term_string\"}}],\"inLanguage\":\"it-IT\"},{\"@type\":\"Organization\",\"@id\":\"https:\\\/\\\/francescoeconomy.org\\\/#organization\",\"name\":\"The Economy of Francesco\",\"url\":\"https:\\\/\\\/francescoeconomy.org\\\/\",\"logo\":{\"@type\":\"ImageObject\",\"inLanguage\":\"it-IT\",\"@id\":\"https:\\\/\\\/francescoeconomy.org\\\/#\\\/schema\\\/logo\\\/image\\\/\",\"url\":\"https:\\\/\\\/francescoeconomy.org\\\/wp-content\\\/uploads\\\/2019\\\/06\\\/Logo-EoF2020-tracciato.png\",\"contentUrl\":\"https:\\\/\\\/francescoeconomy.org\\\/wp-content\\\/uploads\\\/2019\\\/06\\\/Logo-EoF2020-tracciato.png\",\"width\":513,\"height\":513,\"caption\":\"The Economy of Francesco\"},\"image\":{\"@id\":\"https:\\\/\\\/francescoeconomy.org\\\/#\\\/schema\\\/logo\\\/image\\\/\"}},{\"@type\":\"Person\",\"@id\":\"https:\\\/\\\/francescoeconomy.org\\\/#\\\/schema\\\/person\\\/0a4d32f78db94d19767e56c86230cbac\",\"name\":\"Redazione EoF2020\",\"image\":{\"@type\":\"ImageObject\",\"inLanguage\":\"it-IT\",\"@id\":\"https:\\\/\\\/secure.gravatar.com\\\/avatar\\\/51c54530e7ca8d246384f0e18612ba96bd45ad0728553869a5bef56e89529ab9?s=96&d=mm&r=g\",\"url\":\"https:\\\/\\\/secure.gravatar.com\\\/avatar\\\/51c54530e7ca8d246384f0e18612ba96bd45ad0728553869a5bef56e89529ab9?s=96&d=mm&r=g\",\"contentUrl\":\"https:\\\/\\\/secure.gravatar.com\\\/avatar\\\/51c54530e7ca8d246384f0e18612ba96bd45ad0728553869a5bef56e89529ab9?s=96&d=mm&r=g\",\"caption\":\"Redazione EoF2020\"}}]}<\/script>\n<!-- \/ Yoast SEO plugin. -->","yoast_head_json":{"title":"EoF. \"Ad Assisi ci sar\u00e0 l'Expo di Francesco. L'economia del Papa ha messo radici\" | The Economy of Francesco","robots":{"index":"index","follow":"follow","max-snippet":"max-snippet:-1","max-image-preview":"max-image-preview:large","max-video-preview":"max-video-preview:-1"},"canonical":"https:\/\/francescoeconomy.org\/it\/eof-ad-assisi-ci-sara-lexpo-di-francesco-leconomia-del-papa-ha-messo-radici\/","og_locale":"it_IT","og_type":"article","og_title":"EoF. \"Ad Assisi ci sar\u00e0 l'Expo di Francesco. L'economia del Papa ha messo radici\" | The Economy of Francesco","og_description":"Da un articolo del 24 settembre: Cinquecento milioni di anni fa, hanno fatto una scelta irrevocabile: si sono fermate. Hanno messo radici, non in senso metaforico. Ancorate al suolo, non hanno potuto fuggire dagli assalti dei predatori o dalle sferzate delle catastrofi ambientali. Le piante, per\u00f2, hanno fatto di questa apparente fragilit\u00e0, la loro forza.","og_url":"https:\/\/francescoeconomy.org\/it\/eof-ad-assisi-ci-sara-lexpo-di-francesco-leconomia-del-papa-ha-messo-radici\/","og_site_name":"The Economy of Francesco","article_published_time":"2021-10-19T14:27:32+00:00","article_modified_time":"2021-10-19T14:56:07+00:00","og_image":[{"width":1600,"height":1071,"url":"https:\/\/francescoeconomy.org\/wp-content\/uploads\/2021\/10\/PHOTO-2021-10-02-08-22-46.jpg","type":"image\/jpeg"}],"author":"Redazione EoF2020","twitter_card":"summary_large_image","twitter_misc":{"Scritto da":"Redazione EoF2020","Tempo di lettura stimato":"9 minuti"},"schema":{"@context":"https:\/\/schema.org","@graph":[{"@type":"Article","@id":"https:\/\/francescoeconomy.org\/it\/eof-ad-assisi-ci-sara-lexpo-di-francesco-leconomia-del-papa-ha-messo-radici\/#article","isPartOf":{"@id":"https:\/\/francescoeconomy.org\/it\/eof-ad-assisi-ci-sara-lexpo-di-francesco-leconomia-del-papa-ha-messo-radici\/"},"author":{"name":"Redazione EoF2020","@id":"https:\/\/francescoeconomy.org\/#\/schema\/person\/0a4d32f78db94d19767e56c86230cbac"},"headline":"EoF. &#8220;Ad Assisi ci sar\u00e0 l&#8217;Expo di Francesco. L&#8217;economia del Papa ha messo radici&#8221;","datePublished":"2021-10-19T14:27:32+00:00","dateModified":"2021-10-19T14:56:07+00:00","mainEntityOfPage":{"@id":"https:\/\/francescoeconomy.org\/it\/eof-ad-assisi-ci-sara-lexpo-di-francesco-leconomia-del-papa-ha-messo-radici\/"},"wordCount":3458,"commentCount":0,"publisher":{"@id":"https:\/\/francescoeconomy.org\/#organization"},"image":{"@id":"https:\/\/francescoeconomy.org\/it\/eof-ad-assisi-ci-sara-lexpo-di-francesco-leconomia-del-papa-ha-messo-radici\/#primaryimage"},"thumbnailUrl":"https:\/\/francescoeconomy.org\/wp-content\/uploads\/2021\/10\/PHOTO-2021-10-02-08-22-46.jpg","keywords":["Economia Vegetale","event","evento"],"articleSection":["EoF PEOPLE","Main Stage","Notizie","WHAT&#8217;S ON"],"inLanguage":"it-IT","potentialAction":[{"@type":"CommentAction","name":"Comment","target":["https:\/\/francescoeconomy.org\/it\/eof-ad-assisi-ci-sara-lexpo-di-francesco-leconomia-del-papa-ha-messo-radici\/#respond"]}]},{"@type":"WebPage","@id":"https:\/\/francescoeconomy.org\/it\/eof-ad-assisi-ci-sara-lexpo-di-francesco-leconomia-del-papa-ha-messo-radici\/","url":"https:\/\/francescoeconomy.org\/it\/eof-ad-assisi-ci-sara-lexpo-di-francesco-leconomia-del-papa-ha-messo-radici\/","name":"EoF. \"Ad Assisi ci sar\u00e0 l'Expo di Francesco. L'economia del Papa ha messo radici\" | The Economy of Francesco","isPartOf":{"@id":"https:\/\/francescoeconomy.org\/#website"},"primaryImageOfPage":{"@id":"https:\/\/francescoeconomy.org\/it\/eof-ad-assisi-ci-sara-lexpo-di-francesco-leconomia-del-papa-ha-messo-radici\/#primaryimage"},"image":{"@id":"https:\/\/francescoeconomy.org\/it\/eof-ad-assisi-ci-sara-lexpo-di-francesco-leconomia-del-papa-ha-messo-radici\/#primaryimage"},"thumbnailUrl":"https:\/\/francescoeconomy.org\/wp-content\/uploads\/2021\/10\/PHOTO-2021-10-02-08-22-46.jpg","datePublished":"2021-10-19T14:27:32+00:00","dateModified":"2021-10-19T14:56:07+00:00","breadcrumb":{"@id":"https:\/\/francescoeconomy.org\/it\/eof-ad-assisi-ci-sara-lexpo-di-francesco-leconomia-del-papa-ha-messo-radici\/#breadcrumb"},"inLanguage":"it-IT","potentialAction":[{"@type":"ReadAction","target":["https:\/\/francescoeconomy.org\/it\/eof-ad-assisi-ci-sara-lexpo-di-francesco-leconomia-del-papa-ha-messo-radici\/"]}]},{"@type":"ImageObject","inLanguage":"it-IT","@id":"https:\/\/francescoeconomy.org\/it\/eof-ad-assisi-ci-sara-lexpo-di-francesco-leconomia-del-papa-ha-messo-radici\/#primaryimage","url":"https:\/\/francescoeconomy.org\/wp-content\/uploads\/2021\/10\/PHOTO-2021-10-02-08-22-46.jpg","contentUrl":"https:\/\/francescoeconomy.org\/wp-content\/uploads\/2021\/10\/PHOTO-2021-10-02-08-22-46.jpg","width":1600,"height":1071},{"@type":"BreadcrumbList","@id":"https:\/\/francescoeconomy.org\/it\/eof-ad-assisi-ci-sara-lexpo-di-francesco-leconomia-del-papa-ha-messo-radici\/#breadcrumb","itemListElement":[{"@type":"ListItem","position":1,"name":"Home","item":"https:\/\/francescoeconomy.org\/it\/"},{"@type":"ListItem","position":2,"name":"EoF. &#8220;Ad Assisi ci sar\u00e0 l&#8217;Expo di Francesco. L&#8217;economia del Papa ha messo radici&#8221;"}]},{"@type":"WebSite","@id":"https:\/\/francescoeconomy.org\/#website","url":"https:\/\/francescoeconomy.org\/","name":"The Economy of Francesco","description":"Young people, a commitment, the future","publisher":{"@id":"https:\/\/francescoeconomy.org\/#organization"},"potentialAction":[{"@type":"SearchAction","target":{"@type":"EntryPoint","urlTemplate":"https:\/\/francescoeconomy.org\/?s={search_term_string}"},"query-input":{"@type":"PropertyValueSpecification","valueRequired":true,"valueName":"search_term_string"}}],"inLanguage":"it-IT"},{"@type":"Organization","@id":"https:\/\/francescoeconomy.org\/#organization","name":"The Economy of Francesco","url":"https:\/\/francescoeconomy.org\/","logo":{"@type":"ImageObject","inLanguage":"it-IT","@id":"https:\/\/francescoeconomy.org\/#\/schema\/logo\/image\/","url":"https:\/\/francescoeconomy.org\/wp-content\/uploads\/2019\/06\/Logo-EoF2020-tracciato.png","contentUrl":"https:\/\/francescoeconomy.org\/wp-content\/uploads\/2019\/06\/Logo-EoF2020-tracciato.png","width":513,"height":513,"caption":"The Economy of Francesco"},"image":{"@id":"https:\/\/francescoeconomy.org\/#\/schema\/logo\/image\/"}},{"@type":"Person","@id":"https:\/\/francescoeconomy.org\/#\/schema\/person\/0a4d32f78db94d19767e56c86230cbac","name":"Redazione EoF2020","image":{"@type":"ImageObject","inLanguage":"it-IT","@id":"https:\/\/secure.gravatar.com\/avatar\/51c54530e7ca8d246384f0e18612ba96bd45ad0728553869a5bef56e89529ab9?s=96&d=mm&r=g","url":"https:\/\/secure.gravatar.com\/avatar\/51c54530e7ca8d246384f0e18612ba96bd45ad0728553869a5bef56e89529ab9?s=96&d=mm&r=g","contentUrl":"https:\/\/secure.gravatar.com\/avatar\/51c54530e7ca8d246384f0e18612ba96bd45ad0728553869a5bef56e89529ab9?s=96&d=mm&r=g","caption":"Redazione EoF2020"}}]}},"_links":{"self":[{"href":"https:\/\/francescoeconomy.org\/it\/wp-json\/wp\/v2\/posts\/14252","targetHints":{"allow":["GET"]}}],"collection":[{"href":"https:\/\/francescoeconomy.org\/it\/wp-json\/wp\/v2\/posts"}],"about":[{"href":"https:\/\/francescoeconomy.org\/it\/wp-json\/wp\/v2\/types\/post"}],"author":[{"embeddable":true,"href":"https:\/\/francescoeconomy.org\/it\/wp-json\/wp\/v2\/users\/3"}],"replies":[{"embeddable":true,"href":"https:\/\/francescoeconomy.org\/it\/wp-json\/wp\/v2\/comments?post=14252"}],"version-history":[{"count":0,"href":"https:\/\/francescoeconomy.org\/it\/wp-json\/wp\/v2\/posts\/14252\/revisions"}],"wp:featuredmedia":[{"embeddable":true,"href":"https:\/\/francescoeconomy.org\/it\/wp-json\/wp\/v2\/media\/14275"}],"wp:attachment":[{"href":"https:\/\/francescoeconomy.org\/it\/wp-json\/wp\/v2\/media?parent=14252"}],"wp:term":[{"taxonomy":"category","embeddable":true,"href":"https:\/\/francescoeconomy.org\/it\/wp-json\/wp\/v2\/categories?post=14252"},{"taxonomy":"post_tag","embeddable":true,"href":"https:\/\/francescoeconomy.org\/it\/wp-json\/wp\/v2\/tags?post=14252"}],"curies":[{"name":"wp","href":"https:\/\/api.w.org\/{rel}","templated":true}]}}