{"id":16945,"date":"2022-03-12T05:54:40","date_gmt":"2022-03-12T04:54:40","guid":{"rendered":"https:\/\/francescoeconomy.org\/changing-the-system-is-possible-why-not-start-first-from-the-economic-sector\/"},"modified":"2022-03-12T06:11:52","modified_gmt":"2022-03-12T05:11:52","slug":"changing-the-system-is-possible-why-not-start-first-from-the-economic-sector","status":"publish","type":"post","link":"https:\/\/francescoeconomy.org\/it\/changing-the-system-is-possible-why-not-start-first-from-the-economic-sector\/","title":{"rendered":"Cambiare il sistema si pu\u00f2: perch\u00e9 non iniziare dal primo settore dell\u2019economia?"},"content":{"rendered":"<div class=\"fusion-fullwidth fullwidth-box fusion-builder-row-1 fusion-flex-container nonhundred-percent-fullwidth non-hundred-percent-height-scrolling\" style=\"--awb-border-radius-top-left:0px;--awb-border-radius-top-right:0px;--awb-border-radius-bottom-right:0px;--awb-border-radius-bottom-left:0px;--awb-flex-wrap:wrap;\" ><div class=\"fusion-builder-row fusion-row fusion-flex-align-items-flex-start fusion-flex-content-wrap\" style=\"max-width:1248px;margin-left: calc(-4% \/ 2 );margin-right: calc(-4% \/ 2 );\"><div class=\"fusion-layout-column fusion_builder_column fusion-builder-column-0 fusion_builder_column_1_2 1_2 fusion-flex-column\" style=\"--awb-bg-size:cover;--awb-width-large:50%;--awb-margin-top-large:0px;--awb-spacing-right-large:3.84%;--awb-margin-bottom-large:20px;--awb-spacing-left-large:3.84%;--awb-width-medium:100%;--awb-order-medium:0;--awb-spacing-right-medium:1.92%;--awb-spacing-left-medium:1.92%;--awb-width-small:100%;--awb-order-small:0;--awb-spacing-right-small:1.92%;--awb-spacing-left-small:1.92%;\"><div class=\"fusion-column-wrapper fusion-column-has-shadow fusion-flex-justify-content-flex-start fusion-content-layout-column\"><div class=\"fusion-image-element \" style=\"--awb-caption-title-font-family:var(--h2_typography-font-family);--awb-caption-title-font-weight:var(--h2_typography-font-weight);--awb-caption-title-font-style:var(--h2_typography-font-style);--awb-caption-title-size:var(--h2_typography-font-size);--awb-caption-title-transform:var(--h2_typography-text-transform);--awb-caption-title-line-height:var(--h2_typography-line-height);--awb-caption-title-letter-spacing:var(--h2_typography-letter-spacing);\"><span class=\" fusion-imageframe imageframe-none imageframe-1 hover-type-none\"><img decoding=\"async\" width=\"1024\" height=\"1024\" title=\"EoF posts (1)\" src=\"https:\/\/francescoeconomy.org\/wp-content\/uploads\/2022\/03\/EoF-posts-1.png\" data-orig-src=\"https:\/\/francescoeconomy.org\/wp-content\/uploads\/2022\/03\/EoF-posts-1-1024x1024.png\" alt class=\"lazyload img-responsive wp-image-16937\" srcset=\"data:image\/svg+xml,%3Csvg%20xmlns%3D%27http%3A%2F%2Fwww.w3.org%2F2000%2Fsvg%27%20width%3D%271080%27%20height%3D%271080%27%20viewBox%3D%270%200%201080%201080%27%3E%3Crect%20width%3D%271080%27%20height%3D%271080%27%20fill-opacity%3D%220%22%2F%3E%3C%2Fsvg%3E\" data-srcset=\"https:\/\/francescoeconomy.org\/wp-content\/uploads\/2022\/03\/EoF-posts-1-200x200.png 200w, https:\/\/francescoeconomy.org\/wp-content\/uploads\/2022\/03\/EoF-posts-1-400x400.png 400w, https:\/\/francescoeconomy.org\/wp-content\/uploads\/2022\/03\/EoF-posts-1-600x600.png 600w, https:\/\/francescoeconomy.org\/wp-content\/uploads\/2022\/03\/EoF-posts-1-800x800.png 800w, https:\/\/francescoeconomy.org\/wp-content\/uploads\/2022\/03\/EoF-posts-1.png 1080w\" data-sizes=\"auto\" data-orig-sizes=\"(max-width: 720px) 100vw, (max-width: 640px) 100vw, 600px\" \/><\/span><\/div><\/div><\/div><div class=\"fusion-layout-column fusion_builder_column fusion-builder-column-1 fusion_builder_column_1_2 1_2 fusion-flex-column\" style=\"--awb-bg-size:cover;--awb-width-large:50%;--awb-margin-top-large:0px;--awb-spacing-right-large:3.84%;--awb-margin-bottom-large:20px;--awb-spacing-left-large:3.84%;--awb-width-medium:100%;--awb-order-medium:0;--awb-spacing-right-medium:1.92%;--awb-spacing-left-medium:1.92%;--awb-width-small:100%;--awb-order-small:0;--awb-spacing-right-small:1.92%;--awb-spacing-left-small:1.92%;\"><div class=\"fusion-column-wrapper fusion-column-has-shadow fusion-flex-justify-content-flex-start fusion-content-layout-column\"><div class=\"fusion-text fusion-text-1\"><h1 style=\"text-align: center;\"><b>Cambiare il sistema si pu\u00f2: perch\u00e9 non iniziare dal primo settore dell\u2019economia?\u00a0<\/b><\/h1>\n<p>Di: Chiara Subrizi<\/p>\n<h3><span style=\"font-weight: 400;\">La filiera agroalimentare estesa \u00e8 il primo settore economico per fatturato in Italia, eppure si basa su un sistema di sfruttamento insostenibile per l\u2019uomo e per l\u2019ambiente.\u00a0<\/span><span style=\"font-weight: 400;\">Come invertire la rotta passando dalle buone pratiche a una trasformazione reale del sistema? Questa \u00e8 la seconda puntata di questo articolo. Se vuoi leggere la prima parte, <a href=\"https:\/\/francescoeconomy.org\/it\/cambiare-il-sist\u2026ore-delleconomia\/\">clicca qui.<\/a><\/span><\/h3>\n<\/div><\/div><\/div><div class=\"fusion-layout-column fusion_builder_column fusion-builder-column-2 fusion_builder_column_1_1 1_1 fusion-flex-column\" style=\"--awb-bg-size:cover;--awb-width-large:100%;--awb-margin-top-large:0px;--awb-spacing-right-large:1.92%;--awb-margin-bottom-large:20px;--awb-spacing-left-large:1.92%;--awb-width-medium:100%;--awb-order-medium:0;--awb-spacing-right-medium:1.92%;--awb-spacing-left-medium:1.92%;--awb-width-small:100%;--awb-order-small:0;--awb-spacing-right-small:1.92%;--awb-spacing-left-small:1.92%;\"><div class=\"fusion-column-wrapper fusion-column-has-shadow fusion-flex-justify-content-flex-start fusion-content-layout-column\"><div class=\"fusion-text fusion-text-2\"><p><b><i>Dalla diagnosi&#8230; alla cura\u2026\u00a0<\/i><\/b><\/p>\n<p><span style=\"font-weight: 400;\">Di fronte a problemi strutturali come quelli descritti occorre agire direttamente sulle cause scatenanti per trasformare il sistema. Questo cambiamento radicale richiede due elementi:<\/span><\/p>\n<ol>\n<li style=\"font-weight: 400;\" aria-level=\"1\"><b>il cambiamento del sistema economico<\/b><span style=\"font-weight: 400;\">;\u00a0<\/span><\/li>\n<li style=\"font-weight: 400;\" aria-level=\"1\"><b>il cambiamento della cultura, <\/b><span style=\"font-weight: 400;\">in questo caso di noi consumatori.\u00a0\u00a0<\/span><\/li>\n<\/ol>\n<p><span style=\"font-weight: 400;\">Infatti, non pu\u00f2 esistere cambiamento del sistema economico efficace se la cultura della comunit\u00e0 non \u00e8 pronta per abbracciare il cambiamento.<\/span><\/p>\n<p><span style=\"font-weight: 400;\">Sul lato della consapevolizzazione dei consumatori qualcosa si sta muovendo da tempo, tanto che nella distribuzione ormai sono moltissime le soluzioni di consumo alimentare rispettose dell\u2019ambiente e, alle volte, anche dei diritti dei lavoratori e dei piccoli produttori come nel caso dello shopping online sostenibile di <\/span><a href=\"https:\/\/www.gioosto.com\/\"><span style=\"font-weight: 400;\">Gioosto<\/span><\/a><span style=\"font-weight: 400;\"> e dell\u2019esperienza della <\/span><a href=\"https:\/\/lamarcadelconsumatore.it\/\"><span style=\"font-weight: 400;\">Marca del Consumatore<\/span><\/a><span style=\"font-weight: 400;\">.\u00a0<\/span><\/p>\n<p><span style=\"font-weight: 400;\">Tuttavia, occorre passare dalle singole buone pratiche a un cambiamento del sistema che coinvolga tutti gli attori della filiera agroalimentare, dal bracciante al consumatore finale: <\/span><b>una \u201cnuova alleanza\u201d basata su due paradigmi cari a Papa Francesco, l\u2019ecologia integrale e la cooperazione<\/b><span style=\"font-weight: 400;\"> tra gli attori in gioco.\u00a0<\/span><\/p>\n<p><span style=\"font-weight: 400;\">Questo cambiamento \u00e8 possibile se si agisce su due piani.\u00a0<\/span><\/p>\n<p><span style=\"font-weight: 400;\">Da un lato, quello della <\/span><b>politica nazionale e internazionale<\/b><span style=\"font-weight: 400;\">, per esempio smettendo di fornire finanziamenti europei a chi non rispetta elevati standard di sostenibilit\u00e0 sociale e ambientale e istituendo un\u2019etichetta narrante che abbia la scomposizione percentuale del prezzo in modo che tutti possano sapere quanto valore va e a quale soggetto della filiera.<\/span><\/p>\n<p><span style=\"font-weight: 400;\">Dall\u2019altro, <\/span><b>agendo direttamente sulla filiera<\/b><span style=\"font-weight: 400;\">, non solo agevolando e diffondendo culturalmente la filiera corta, quando possibile, per togliere potere agli intermediari, ma soprattutto <\/span><b>rendendola sostenibile per tutti gli anelli della catena. <\/b><span style=\"font-weight: 400;\">\u00a0Questo si pu\u00f2 realizzare superando le reti che tradizionalmente si creano solo tra i produttori o tra i consumatori e creando una <\/span><b>rete tra tutti i soggetti della filiera per tutelare i pi\u00f9 deboli senza far perdere profitto ai pi\u00f9 forti<\/b><span style=\"font-weight: 400;\">.<\/span><\/p>\n<\/div><div class=\"fusion-separator fusion-full-width-sep\" style=\"align-self: center;margin-left: auto;margin-right: auto;flex-grow:1;margin-bottom:10px;width:100%;\"><div class=\"fusion-separator-border sep-single sep-solid\" style=\"--awb-height:20px;--awb-amount:20px;--awb-sep-color:#22325e;border-color:#22325e;border-top-width:2px;\"><\/div><\/div><div class=\"fusion-text fusion-text-3\" style=\"--awb-font-size:20px;--awb-line-height:1;--awb-letter-spacing:0px;--awb-text-font-family:&quot;Antic&quot;;--awb-text-font-style:normal;--awb-text-font-weight:400;\"><p style=\"text-align: center;\"><strong><span style=\"color: #000080;\"><em>Occorre passare dalle singole buone pratiche a un cambiamento del sistema che coinvolga tutti gli attori della filiera agroalimentare, dal bracciante al consumatore finale.\u00a0<\/em><\/span><\/strong><\/p>\n<\/div><div class=\"fusion-separator fusion-full-width-sep\" style=\"align-self: center;margin-left: auto;margin-right: auto;flex-grow:1;margin-bottom:10px;width:100%;\"><div class=\"fusion-separator-border sep-single sep-solid\" style=\"--awb-height:20px;--awb-amount:20px;--awb-sep-color:#22325e;border-color:#22325e;border-top-width:2px;\"><\/div><\/div><div class=\"fusion-text fusion-text-4\"><p><span style=\"font-weight: 400;\">Perno di questa \u201cnuova alleanza\u201d tra braccianti, produttori, distributori e consumatori \u00e8 un soggetto facilitatore che controlla tutti i passaggi della filiera dall\u2019interno permettendo ai produttori di essere pagati al giusto prezzo, garantendo ai lavoratori il contratto nazionale con ore di lavoro e salario equi, e assicurando ai distributori un giusto margine con prodotti non solo biologici ma anche in assenza di sfruttamento. Infatti, il facilitatore si inserisce in tutte le fasi produttive grazie al contatto diretto con i braccianti e gli operai dell\u2019industria di trasformazione, controllando dall\u2019interno tutte le dinamiche nella filiera e combattendo ogni forma di lavoro nero e grigio.\u00a0<\/span><\/p>\n<p><span style=\"font-weight: 400;\">Questo stesso soggetto pu\u00f2 mettere in rete anche attori esterni come le istituzioni e il terzo settore, permettendo di offrire, ad esempio, soluzioni abitative dignitose, assistenza legale e sanitaria ai braccianti nonch\u00e9 servizi di assistenza alle imprese per innovare il loro modello di business, oltre a concedere l\u2019uso di un marchio che garantisce il rispetto dell\u2019ambiente e dei diritti umani.\u00a0<\/span><\/p>\n<p><span style=\"font-weight: 400;\">Questo progetto pensato nel nostro Villaggio di Agricoltura e Giustizia \u00e8 in realt\u00e0 gi\u00e0 concretezza in Italia grazie alla <\/span><b>filiera e associazione NoCap <\/b><span style=\"font-weight: 400;\">(no caporalato) creata da Yvan Sagnet che, dopo aver vissuto lo sfruttamento sulla propria pelle, ha saputo trasformare la protesta sindacale in una proposta per cambiare il sistema. Dopo soli tre anni NoCap, che svolge questo ruolo di facilitatore nella filiera, ha tolto dalle mani dei caporali 700 lavoratori e coinvolto 20 aziende agricole e pi\u00f9 catene di supermercati con una proposta sostenibile dal punto di vista ambientale, umano ed economico per tutti gli attori della filiera, compresi i consumatori a cui sono offerti prodotti \u201cbuoni puliti e giusti\u201d ad un prezzo in linea con quello di mercato.<\/span><b>\u00a0<\/b><\/p>\n<p><span style=\"font-weight: 400;\">Oggi la sfida \u00e8 passare da un progetto efficace ma ancora limitato nella sua diffusione a una Strategia nazionale per l\u2019agricoltura a livello nazionale e internazionale che faccia in modo che presto consumare prodotti buoni, puliti e giusti non sia una scelta, ma la normalit\u00e0.<\/span><\/p>\n<\/div><div class=\"fusion-text fusion-text-5\"><p><span style=\"font-weight: 400; color: #808080;\">\u00b9\u00a0Insieme a Daniela Campus del Villaggio di Agricoltura e Giustizia di Economy of Francesco abbiamo approfondito il tema in una sezione del libro di Alessandra Smerilli, &#8220;Il nostro pane quotidiano. Per un\u2019economia solidale e sostenibile&#8221;, edizioni San Paolo, 2021.<\/span><\/p>\n<\/div><\/div><\/div><div class=\"fusion-layout-column fusion_builder_column fusion-builder-column-3 fusion_builder_column_1_3 1_3 fusion-flex-column\" style=\"--awb-bg-size:cover;--awb-width-large:33.333333333333%;--awb-margin-top-large:0px;--awb-spacing-right-large:5.76%;--awb-margin-bottom-large:20px;--awb-spacing-left-large:5.76%;--awb-width-medium:100%;--awb-order-medium:0;--awb-spacing-right-medium:1.92%;--awb-spacing-left-medium:1.92%;--awb-width-small:100%;--awb-order-small:0;--awb-spacing-right-small:1.92%;--awb-spacing-left-small:1.92%;\"><div class=\"fusion-column-wrapper fusion-column-has-shadow fusion-flex-justify-content-flex-start fusion-content-layout-column\"><div class=\"fusion-image-element \" style=\"text-align:right;--awb-caption-title-font-family:var(--h2_typography-font-family);--awb-caption-title-font-weight:var(--h2_typography-font-weight);--awb-caption-title-font-style:var(--h2_typography-font-style);--awb-caption-title-size:var(--h2_typography-font-size);--awb-caption-title-transform:var(--h2_typography-text-transform);--awb-caption-title-line-height:var(--h2_typography-line-height);--awb-caption-title-letter-spacing:var(--h2_typography-letter-spacing);\"><span class=\" fusion-imageframe imageframe-none imageframe-2 hover-type-none\"><img decoding=\"async\" width=\"1024\" height=\"1024\" title=\"EoF- 2022 (1)\" src=\"https:\/\/francescoeconomy.org\/wp-content\/uploads\/2022\/02\/EoF-2022-1-1.png\" data-orig-src=\"https:\/\/francescoeconomy.org\/wp-content\/uploads\/2022\/02\/EoF-2022-1-1-1024x1024.png\" alt class=\"lazyload img-responsive wp-image-16475\" srcset=\"data:image\/svg+xml,%3Csvg%20xmlns%3D%27http%3A%2F%2Fwww.w3.org%2F2000%2Fsvg%27%20width%3D%271080%27%20height%3D%271080%27%20viewBox%3D%270%200%201080%201080%27%3E%3Crect%20width%3D%271080%27%20height%3D%271080%27%20fill-opacity%3D%220%22%2F%3E%3C%2Fsvg%3E\" data-srcset=\"https:\/\/francescoeconomy.org\/wp-content\/uploads\/2022\/02\/EoF-2022-1-1-200x200.png 200w, https:\/\/francescoeconomy.org\/wp-content\/uploads\/2022\/02\/EoF-2022-1-1-400x400.png 400w, https:\/\/francescoeconomy.org\/wp-content\/uploads\/2022\/02\/EoF-2022-1-1-600x600.png 600w, https:\/\/francescoeconomy.org\/wp-content\/uploads\/2022\/02\/EoF-2022-1-1-800x800.png 800w, https:\/\/francescoeconomy.org\/wp-content\/uploads\/2022\/02\/EoF-2022-1-1.png 1080w\" data-sizes=\"auto\" data-orig-sizes=\"(max-width: 720px) 100vw, (max-width: 640px) 100vw, 400px\" \/><\/span><\/div><\/div><\/div><div class=\"fusion-layout-column fusion_builder_column fusion-builder-column-4 fusion_builder_column_1_2 1_2 fusion-flex-column\" style=\"--awb-bg-size:cover;--awb-width-large:50%;--awb-margin-top-large:60px;--awb-spacing-right-large:3.84%;--awb-margin-bottom-large:60px;--awb-spacing-left-large:3.84%;--awb-width-medium:100%;--awb-order-medium:0;--awb-spacing-right-medium:1.92%;--awb-spacing-left-medium:1.92%;--awb-width-small:100%;--awb-order-small:0;--awb-spacing-right-small:1.92%;--awb-spacing-left-small:1.92%;\"><div class=\"fusion-column-wrapper fusion-column-has-shadow fusion-flex-justify-content-flex-start fusion-content-layout-column\"><div class=\"fusion-text fusion-text-6\"><p><span style=\"color: #22325e;\"><strong>CHIARA SUBRIZI<\/strong><\/span><\/p>\n<p><span style=\"color: #003366;\"><span style=\"font-weight: 400;\">A young economist at the Office of Studies and Research on Economic and Fiscal Issues of the Italian Ministry of Economy. Her main area of interest is the evaluation of the effects of tax and income transfer policies in terms of inequality and poverty.<\/span><\/span><\/p>\n<p><span style=\"color: #003366;\"><span style=\"font-weight: 400;\">She is part of the Village of Agriculture and Justice of the Economy of Francesco and participates in the activities of the Italian Hub and the territorial group of Lazio. Her interests include the phenomenon of illegal labour and the transformation of the agro-food chain, immigration and sustainable economic development of the interior areas of the country.\u00a0<\/span><\/span><\/p>\n<\/div><\/div><\/div><\/div><\/div>\n","protected":false},"excerpt":{"rendered":"<p>Occorre passare dalle singole buone pratiche a un cambiamento del sistema che coinvolga tutti gli attori della filiera agroalimentare, dal bracciante al consumatore finale.\u00a0<\/p>\n","protected":false},"author":3,"featured_media":16941,"comment_status":"open","ping_status":"closed","sticky":false,"template":"","format":"standard","meta":{"footnotes":""},"categories":[377,366],"tags":[],"class_list":["post-16945","post","type-post","status-publish","format-standard","has-post-thumbnail","hentry","category-contemporary-challenges-it","category-eof-proview-it"],"yoast_head":"<!-- This site is optimized with the Yoast SEO plugin v27.5 - https:\/\/yoast.com\/product\/yoast-seo-wordpress\/ -->\n<title>Cambiare il sistema si pu\u00f2: perch\u00e9 non iniziare dal primo settore dell\u2019economia? | The Economy of Francesco<\/title>\n<meta name=\"description\" content=\"Occorre passare dalle singole buone pratiche a un cambiamento del sistema che coinvolga tutti gli attori della filiera agroalimentare, dal bracciante al consumatore finale.\u00a0\" \/>\n<meta name=\"robots\" content=\"index, follow, max-snippet:-1, max-image-preview:large, max-video-preview:-1\" \/>\n<link rel=\"canonical\" href=\"https:\/\/francescoeconomy.org\/it\/changing-the-system-is-possible-why-not-start-first-from-the-economic-sector\/\" \/>\n<meta property=\"og:locale\" content=\"it_IT\" \/>\n<meta property=\"og:type\" content=\"article\" \/>\n<meta property=\"og:title\" content=\"Cambiare il sistema si pu\u00f2: perch\u00e9 non iniziare dal primo settore dell\u2019economia? | The Economy of Francesco\" \/>\n<meta property=\"og:description\" content=\"Occorre passare dalle singole buone pratiche a un cambiamento del sistema che coinvolga tutti gli attori della filiera agroalimentare, dal bracciante al consumatore finale.\u00a0\" \/>\n<meta property=\"og:url\" content=\"https:\/\/francescoeconomy.org\/it\/changing-the-system-is-possible-why-not-start-first-from-the-economic-sector\/\" \/>\n<meta property=\"og:site_name\" content=\"The Economy of Francesco\" \/>\n<meta property=\"article:published_time\" content=\"2022-03-12T04:54:40+00:00\" \/>\n<meta property=\"article:modified_time\" content=\"2022-03-12T05:11:52+00:00\" \/>\n<meta property=\"og:image\" content=\"https:\/\/francescoeconomy.org\/wp-content\/uploads\/2022\/03\/EoF-Side-site-11.png\" \/>\n\t<meta property=\"og:image:width\" content=\"1024\" \/>\n\t<meta property=\"og:image:height\" content=\"563\" \/>\n\t<meta property=\"og:image:type\" content=\"image\/png\" \/>\n<meta name=\"author\" content=\"Redazione EoF2020\" \/>\n<meta name=\"twitter:card\" content=\"summary_large_image\" \/>\n<meta name=\"twitter:label1\" content=\"Scritto da\" \/>\n\t<meta name=\"twitter:data1\" content=\"Redazione EoF2020\" \/>\n\t<meta name=\"twitter:label2\" content=\"Tempo di lettura stimato\" \/>\n\t<meta name=\"twitter:data2\" content=\"10 minuti\" \/>\n<script type=\"application\/ld+json\" class=\"yoast-schema-graph\">{\"@context\":\"https:\\\/\\\/schema.org\",\"@graph\":[{\"@type\":\"Article\",\"@id\":\"https:\\\/\\\/francescoeconomy.org\\\/it\\\/changing-the-system-is-possible-why-not-start-first-from-the-economic-sector\\\/#article\",\"isPartOf\":{\"@id\":\"https:\\\/\\\/francescoeconomy.org\\\/it\\\/changing-the-system-is-possible-why-not-start-first-from-the-economic-sector\\\/\"},\"author\":{\"name\":\"Redazione EoF2020\",\"@id\":\"https:\\\/\\\/francescoeconomy.org\\\/#\\\/schema\\\/person\\\/0a4d32f78db94d19767e56c86230cbac\"},\"headline\":\"Cambiare il sistema si pu\u00f2: perch\u00e9 non iniziare dal primo settore dell\u2019economia?\",\"datePublished\":\"2022-03-12T04:54:40+00:00\",\"dateModified\":\"2022-03-12T05:11:52+00:00\",\"mainEntityOfPage\":{\"@id\":\"https:\\\/\\\/francescoeconomy.org\\\/it\\\/changing-the-system-is-possible-why-not-start-first-from-the-economic-sector\\\/\"},\"wordCount\":3043,\"commentCount\":0,\"publisher\":{\"@id\":\"https:\\\/\\\/francescoeconomy.org\\\/#organization\"},\"image\":{\"@id\":\"https:\\\/\\\/francescoeconomy.org\\\/it\\\/changing-the-system-is-possible-why-not-start-first-from-the-economic-sector\\\/#primaryimage\"},\"thumbnailUrl\":\"https:\\\/\\\/francescoeconomy.org\\\/wp-content\\\/uploads\\\/2022\\\/03\\\/EoF-Side-site-11.png\",\"articleSection\":[\"Contemporary Challenges\",\"EOF ProView IT\"],\"inLanguage\":\"it-IT\",\"potentialAction\":[{\"@type\":\"CommentAction\",\"name\":\"Comment\",\"target\":[\"https:\\\/\\\/francescoeconomy.org\\\/it\\\/changing-the-system-is-possible-why-not-start-first-from-the-economic-sector\\\/#respond\"]}]},{\"@type\":\"WebPage\",\"@id\":\"https:\\\/\\\/francescoeconomy.org\\\/it\\\/changing-the-system-is-possible-why-not-start-first-from-the-economic-sector\\\/\",\"url\":\"https:\\\/\\\/francescoeconomy.org\\\/it\\\/changing-the-system-is-possible-why-not-start-first-from-the-economic-sector\\\/\",\"name\":\"Cambiare il sistema si pu\u00f2: perch\u00e9 non iniziare dal primo settore dell\u2019economia? | The Economy of Francesco\",\"isPartOf\":{\"@id\":\"https:\\\/\\\/francescoeconomy.org\\\/#website\"},\"primaryImageOfPage\":{\"@id\":\"https:\\\/\\\/francescoeconomy.org\\\/it\\\/changing-the-system-is-possible-why-not-start-first-from-the-economic-sector\\\/#primaryimage\"},\"image\":{\"@id\":\"https:\\\/\\\/francescoeconomy.org\\\/it\\\/changing-the-system-is-possible-why-not-start-first-from-the-economic-sector\\\/#primaryimage\"},\"thumbnailUrl\":\"https:\\\/\\\/francescoeconomy.org\\\/wp-content\\\/uploads\\\/2022\\\/03\\\/EoF-Side-site-11.png\",\"datePublished\":\"2022-03-12T04:54:40+00:00\",\"dateModified\":\"2022-03-12T05:11:52+00:00\",\"description\":\"Occorre passare dalle singole buone pratiche a un cambiamento del sistema che coinvolga tutti gli attori della filiera agroalimentare, dal bracciante al consumatore finale.\u00a0\",\"breadcrumb\":{\"@id\":\"https:\\\/\\\/francescoeconomy.org\\\/it\\\/changing-the-system-is-possible-why-not-start-first-from-the-economic-sector\\\/#breadcrumb\"},\"inLanguage\":\"it-IT\",\"potentialAction\":[{\"@type\":\"ReadAction\",\"target\":[\"https:\\\/\\\/francescoeconomy.org\\\/it\\\/changing-the-system-is-possible-why-not-start-first-from-the-economic-sector\\\/\"]}]},{\"@type\":\"ImageObject\",\"inLanguage\":\"it-IT\",\"@id\":\"https:\\\/\\\/francescoeconomy.org\\\/it\\\/changing-the-system-is-possible-why-not-start-first-from-the-economic-sector\\\/#primaryimage\",\"url\":\"https:\\\/\\\/francescoeconomy.org\\\/wp-content\\\/uploads\\\/2022\\\/03\\\/EoF-Side-site-11.png\",\"contentUrl\":\"https:\\\/\\\/francescoeconomy.org\\\/wp-content\\\/uploads\\\/2022\\\/03\\\/EoF-Side-site-11.png\",\"width\":1024,\"height\":563},{\"@type\":\"BreadcrumbList\",\"@id\":\"https:\\\/\\\/francescoeconomy.org\\\/it\\\/changing-the-system-is-possible-why-not-start-first-from-the-economic-sector\\\/#breadcrumb\",\"itemListElement\":[{\"@type\":\"ListItem\",\"position\":1,\"name\":\"Home\",\"item\":\"https:\\\/\\\/francescoeconomy.org\\\/it\\\/\"},{\"@type\":\"ListItem\",\"position\":2,\"name\":\"Cambiare il sistema si pu\u00f2: perch\u00e9 non iniziare dal primo settore dell\u2019economia?\"}]},{\"@type\":\"WebSite\",\"@id\":\"https:\\\/\\\/francescoeconomy.org\\\/#website\",\"url\":\"https:\\\/\\\/francescoeconomy.org\\\/\",\"name\":\"The Economy of Francesco\",\"description\":\"Young people, a commitment, the future\",\"publisher\":{\"@id\":\"https:\\\/\\\/francescoeconomy.org\\\/#organization\"},\"potentialAction\":[{\"@type\":\"SearchAction\",\"target\":{\"@type\":\"EntryPoint\",\"urlTemplate\":\"https:\\\/\\\/francescoeconomy.org\\\/?s={search_term_string}\"},\"query-input\":{\"@type\":\"PropertyValueSpecification\",\"valueRequired\":true,\"valueName\":\"search_term_string\"}}],\"inLanguage\":\"it-IT\"},{\"@type\":\"Organization\",\"@id\":\"https:\\\/\\\/francescoeconomy.org\\\/#organization\",\"name\":\"The Economy of Francesco\",\"url\":\"https:\\\/\\\/francescoeconomy.org\\\/\",\"logo\":{\"@type\":\"ImageObject\",\"inLanguage\":\"it-IT\",\"@id\":\"https:\\\/\\\/francescoeconomy.org\\\/#\\\/schema\\\/logo\\\/image\\\/\",\"url\":\"https:\\\/\\\/francescoeconomy.org\\\/wp-content\\\/uploads\\\/2019\\\/06\\\/Logo-EoF2020-tracciato.png\",\"contentUrl\":\"https:\\\/\\\/francescoeconomy.org\\\/wp-content\\\/uploads\\\/2019\\\/06\\\/Logo-EoF2020-tracciato.png\",\"width\":513,\"height\":513,\"caption\":\"The Economy of Francesco\"},\"image\":{\"@id\":\"https:\\\/\\\/francescoeconomy.org\\\/#\\\/schema\\\/logo\\\/image\\\/\"}},{\"@type\":\"Person\",\"@id\":\"https:\\\/\\\/francescoeconomy.org\\\/#\\\/schema\\\/person\\\/0a4d32f78db94d19767e56c86230cbac\",\"name\":\"Redazione EoF2020\",\"image\":{\"@type\":\"ImageObject\",\"inLanguage\":\"it-IT\",\"@id\":\"https:\\\/\\\/secure.gravatar.com\\\/avatar\\\/51c54530e7ca8d246384f0e18612ba96bd45ad0728553869a5bef56e89529ab9?s=96&d=mm&r=g\",\"url\":\"https:\\\/\\\/secure.gravatar.com\\\/avatar\\\/51c54530e7ca8d246384f0e18612ba96bd45ad0728553869a5bef56e89529ab9?s=96&d=mm&r=g\",\"contentUrl\":\"https:\\\/\\\/secure.gravatar.com\\\/avatar\\\/51c54530e7ca8d246384f0e18612ba96bd45ad0728553869a5bef56e89529ab9?s=96&d=mm&r=g\",\"caption\":\"Redazione EoF2020\"}}]}<\/script>\n<!-- \/ Yoast SEO plugin. -->","yoast_head_json":{"title":"Cambiare il sistema si pu\u00f2: perch\u00e9 non iniziare dal primo settore dell\u2019economia? | The Economy of Francesco","description":"Occorre passare dalle singole buone pratiche a un cambiamento del sistema che coinvolga tutti gli attori della filiera agroalimentare, dal bracciante al consumatore finale.\u00a0","robots":{"index":"index","follow":"follow","max-snippet":"max-snippet:-1","max-image-preview":"max-image-preview:large","max-video-preview":"max-video-preview:-1"},"canonical":"https:\/\/francescoeconomy.org\/it\/changing-the-system-is-possible-why-not-start-first-from-the-economic-sector\/","og_locale":"it_IT","og_type":"article","og_title":"Cambiare il sistema si pu\u00f2: perch\u00e9 non iniziare dal primo settore dell\u2019economia? | The Economy of Francesco","og_description":"Occorre passare dalle singole buone pratiche a un cambiamento del sistema che coinvolga tutti gli attori della filiera agroalimentare, dal bracciante al consumatore finale.\u00a0","og_url":"https:\/\/francescoeconomy.org\/it\/changing-the-system-is-possible-why-not-start-first-from-the-economic-sector\/","og_site_name":"The Economy of Francesco","article_published_time":"2022-03-12T04:54:40+00:00","article_modified_time":"2022-03-12T05:11:52+00:00","og_image":[{"width":1024,"height":563,"url":"https:\/\/francescoeconomy.org\/wp-content\/uploads\/2022\/03\/EoF-Side-site-11.png","type":"image\/png"}],"author":"Redazione EoF2020","twitter_card":"summary_large_image","twitter_misc":{"Scritto da":"Redazione EoF2020","Tempo di lettura stimato":"10 minuti"},"schema":{"@context":"https:\/\/schema.org","@graph":[{"@type":"Article","@id":"https:\/\/francescoeconomy.org\/it\/changing-the-system-is-possible-why-not-start-first-from-the-economic-sector\/#article","isPartOf":{"@id":"https:\/\/francescoeconomy.org\/it\/changing-the-system-is-possible-why-not-start-first-from-the-economic-sector\/"},"author":{"name":"Redazione EoF2020","@id":"https:\/\/francescoeconomy.org\/#\/schema\/person\/0a4d32f78db94d19767e56c86230cbac"},"headline":"Cambiare il sistema si pu\u00f2: perch\u00e9 non iniziare dal primo settore dell\u2019economia?","datePublished":"2022-03-12T04:54:40+00:00","dateModified":"2022-03-12T05:11:52+00:00","mainEntityOfPage":{"@id":"https:\/\/francescoeconomy.org\/it\/changing-the-system-is-possible-why-not-start-first-from-the-economic-sector\/"},"wordCount":3043,"commentCount":0,"publisher":{"@id":"https:\/\/francescoeconomy.org\/#organization"},"image":{"@id":"https:\/\/francescoeconomy.org\/it\/changing-the-system-is-possible-why-not-start-first-from-the-economic-sector\/#primaryimage"},"thumbnailUrl":"https:\/\/francescoeconomy.org\/wp-content\/uploads\/2022\/03\/EoF-Side-site-11.png","articleSection":["Contemporary Challenges","EOF ProView IT"],"inLanguage":"it-IT","potentialAction":[{"@type":"CommentAction","name":"Comment","target":["https:\/\/francescoeconomy.org\/it\/changing-the-system-is-possible-why-not-start-first-from-the-economic-sector\/#respond"]}]},{"@type":"WebPage","@id":"https:\/\/francescoeconomy.org\/it\/changing-the-system-is-possible-why-not-start-first-from-the-economic-sector\/","url":"https:\/\/francescoeconomy.org\/it\/changing-the-system-is-possible-why-not-start-first-from-the-economic-sector\/","name":"Cambiare il sistema si pu\u00f2: perch\u00e9 non iniziare dal primo settore dell\u2019economia? | The Economy of Francesco","isPartOf":{"@id":"https:\/\/francescoeconomy.org\/#website"},"primaryImageOfPage":{"@id":"https:\/\/francescoeconomy.org\/it\/changing-the-system-is-possible-why-not-start-first-from-the-economic-sector\/#primaryimage"},"image":{"@id":"https:\/\/francescoeconomy.org\/it\/changing-the-system-is-possible-why-not-start-first-from-the-economic-sector\/#primaryimage"},"thumbnailUrl":"https:\/\/francescoeconomy.org\/wp-content\/uploads\/2022\/03\/EoF-Side-site-11.png","datePublished":"2022-03-12T04:54:40+00:00","dateModified":"2022-03-12T05:11:52+00:00","description":"Occorre passare dalle singole buone pratiche a un cambiamento del sistema che coinvolga tutti gli attori della filiera agroalimentare, dal bracciante al consumatore finale.\u00a0","breadcrumb":{"@id":"https:\/\/francescoeconomy.org\/it\/changing-the-system-is-possible-why-not-start-first-from-the-economic-sector\/#breadcrumb"},"inLanguage":"it-IT","potentialAction":[{"@type":"ReadAction","target":["https:\/\/francescoeconomy.org\/it\/changing-the-system-is-possible-why-not-start-first-from-the-economic-sector\/"]}]},{"@type":"ImageObject","inLanguage":"it-IT","@id":"https:\/\/francescoeconomy.org\/it\/changing-the-system-is-possible-why-not-start-first-from-the-economic-sector\/#primaryimage","url":"https:\/\/francescoeconomy.org\/wp-content\/uploads\/2022\/03\/EoF-Side-site-11.png","contentUrl":"https:\/\/francescoeconomy.org\/wp-content\/uploads\/2022\/03\/EoF-Side-site-11.png","width":1024,"height":563},{"@type":"BreadcrumbList","@id":"https:\/\/francescoeconomy.org\/it\/changing-the-system-is-possible-why-not-start-first-from-the-economic-sector\/#breadcrumb","itemListElement":[{"@type":"ListItem","position":1,"name":"Home","item":"https:\/\/francescoeconomy.org\/it\/"},{"@type":"ListItem","position":2,"name":"Cambiare il sistema si pu\u00f2: perch\u00e9 non iniziare dal primo settore dell\u2019economia?"}]},{"@type":"WebSite","@id":"https:\/\/francescoeconomy.org\/#website","url":"https:\/\/francescoeconomy.org\/","name":"The Economy of Francesco","description":"Young people, a commitment, the future","publisher":{"@id":"https:\/\/francescoeconomy.org\/#organization"},"potentialAction":[{"@type":"SearchAction","target":{"@type":"EntryPoint","urlTemplate":"https:\/\/francescoeconomy.org\/?s={search_term_string}"},"query-input":{"@type":"PropertyValueSpecification","valueRequired":true,"valueName":"search_term_string"}}],"inLanguage":"it-IT"},{"@type":"Organization","@id":"https:\/\/francescoeconomy.org\/#organization","name":"The Economy of Francesco","url":"https:\/\/francescoeconomy.org\/","logo":{"@type":"ImageObject","inLanguage":"it-IT","@id":"https:\/\/francescoeconomy.org\/#\/schema\/logo\/image\/","url":"https:\/\/francescoeconomy.org\/wp-content\/uploads\/2019\/06\/Logo-EoF2020-tracciato.png","contentUrl":"https:\/\/francescoeconomy.org\/wp-content\/uploads\/2019\/06\/Logo-EoF2020-tracciato.png","width":513,"height":513,"caption":"The Economy of Francesco"},"image":{"@id":"https:\/\/francescoeconomy.org\/#\/schema\/logo\/image\/"}},{"@type":"Person","@id":"https:\/\/francescoeconomy.org\/#\/schema\/person\/0a4d32f78db94d19767e56c86230cbac","name":"Redazione EoF2020","image":{"@type":"ImageObject","inLanguage":"it-IT","@id":"https:\/\/secure.gravatar.com\/avatar\/51c54530e7ca8d246384f0e18612ba96bd45ad0728553869a5bef56e89529ab9?s=96&d=mm&r=g","url":"https:\/\/secure.gravatar.com\/avatar\/51c54530e7ca8d246384f0e18612ba96bd45ad0728553869a5bef56e89529ab9?s=96&d=mm&r=g","contentUrl":"https:\/\/secure.gravatar.com\/avatar\/51c54530e7ca8d246384f0e18612ba96bd45ad0728553869a5bef56e89529ab9?s=96&d=mm&r=g","caption":"Redazione EoF2020"}}]}},"_links":{"self":[{"href":"https:\/\/francescoeconomy.org\/it\/wp-json\/wp\/v2\/posts\/16945","targetHints":{"allow":["GET"]}}],"collection":[{"href":"https:\/\/francescoeconomy.org\/it\/wp-json\/wp\/v2\/posts"}],"about":[{"href":"https:\/\/francescoeconomy.org\/it\/wp-json\/wp\/v2\/types\/post"}],"author":[{"embeddable":true,"href":"https:\/\/francescoeconomy.org\/it\/wp-json\/wp\/v2\/users\/3"}],"replies":[{"embeddable":true,"href":"https:\/\/francescoeconomy.org\/it\/wp-json\/wp\/v2\/comments?post=16945"}],"version-history":[{"count":0,"href":"https:\/\/francescoeconomy.org\/it\/wp-json\/wp\/v2\/posts\/16945\/revisions"}],"wp:featuredmedia":[{"embeddable":true,"href":"https:\/\/francescoeconomy.org\/it\/wp-json\/wp\/v2\/media\/16941"}],"wp:attachment":[{"href":"https:\/\/francescoeconomy.org\/it\/wp-json\/wp\/v2\/media?parent=16945"}],"wp:term":[{"taxonomy":"category","embeddable":true,"href":"https:\/\/francescoeconomy.org\/it\/wp-json\/wp\/v2\/categories?post=16945"},{"taxonomy":"post_tag","embeddable":true,"href":"https:\/\/francescoeconomy.org\/it\/wp-json\/wp\/v2\/tags?post=16945"}],"curies":[{"name":"wp","href":"https:\/\/api.w.org\/{rel}","templated":true}]}}