{"id":20036,"date":"2022-09-07T18:28:05","date_gmt":"2022-09-07T16:28:05","guid":{"rendered":"https:\/\/francescoeconomy.org\/the-economy-of-francesco-in-10-questions-diego-luca-de-tena\/"},"modified":"2022-09-07T19:36:15","modified_gmt":"2022-09-07T17:36:15","slug":"the-economy-of-francesco-in-10-questions-diego-luca-de-tena","status":"publish","type":"post","link":"https:\/\/francescoeconomy.org\/it\/the-economy-of-francesco-in-10-questions-diego-luca-de-tena\/","title":{"rendered":"L&#8217;economia di Francesco in 10 domande: Diego Luca de Tena"},"content":{"rendered":"<p><div class=\"fusion-fullwidth fullwidth-box fusion-builder-row-1 fusion-flex-container nonhundred-percent-fullwidth non-hundred-percent-height-scrolling\" style=\"--awb-border-radius-top-left:0px;--awb-border-radius-top-right:0px;--awb-border-radius-bottom-right:0px;--awb-border-radius-bottom-left:0px;--awb-flex-wrap:wrap;\" ><div class=\"fusion-builder-row fusion-row fusion-flex-align-items-flex-start fusion-flex-content-wrap\" style=\"max-width:1248px;margin-left: calc(-4% \/ 2 );margin-right: calc(-4% \/ 2 );\"><div class=\"fusion-layout-column fusion_builder_column fusion-builder-column-0 fusion_builder_column_1_2 1_2 fusion-flex-column\" style=\"--awb-bg-size:cover;--awb-width-large:50%;--awb-margin-top-large:0px;--awb-spacing-right-large:3.84%;--awb-margin-bottom-large:20px;--awb-spacing-left-large:3.84%;--awb-width-medium:100%;--awb-order-medium:0;--awb-spacing-right-medium:1.92%;--awb-spacing-left-medium:1.92%;--awb-width-small:100%;--awb-order-small:0;--awb-spacing-right-small:1.92%;--awb-spacing-left-small:1.92%;\"><div class=\"fusion-column-wrapper fusion-column-has-shadow fusion-flex-justify-content-flex-start fusion-content-layout-column\"><div class=\"fusion-image-element \" style=\"--awb-caption-title-font-family:var(--h2_typography-font-family);--awb-caption-title-font-weight:var(--h2_typography-font-weight);--awb-caption-title-font-style:var(--h2_typography-font-style);--awb-caption-title-size:var(--h2_typography-font-size);--awb-caption-title-transform:var(--h2_typography-text-transform);--awb-caption-title-line-height:var(--h2_typography-line-height);--awb-caption-title-letter-spacing:var(--h2_typography-letter-spacing);\"><span class=\" fusion-imageframe imageframe-none imageframe-1 hover-type-none\"><img decoding=\"async\" width=\"300\" height=\"225\" alt=\"Diego Luca de Tena. Foto: Marta Isabel Gonz\u00e1lez @migasocial\" title=\"DIEGO LUCA DE TENA-MIGASOCIAL-1920-1080\" src=\"https:\/\/francescoeconomy.org\/wp-content\/uploads\/2022\/09\/DIEGO-LUCA-DE-TENA-MIGASOCIAL-1920-1080.jpg\" data-orig-src=\"https:\/\/francescoeconomy.org\/wp-content\/uploads\/2022\/09\/DIEGO-LUCA-DE-TENA-MIGASOCIAL-1920-1080-300x225.jpg\" class=\"lazyload img-responsive wp-image-20031\" srcset=\"data:image\/svg+xml,%3Csvg%20xmlns%3D%27http%3A%2F%2Fwww.w3.org%2F2000%2Fsvg%27%20width%3D%271920%27%20height%3D%271440%27%20viewBox%3D%270%200%201920%201440%27%3E%3Crect%20width%3D%271920%27%20height%3D%271440%27%20fill-opacity%3D%220%22%2F%3E%3C%2Fsvg%3E\" data-srcset=\"https:\/\/francescoeconomy.org\/wp-content\/uploads\/2022\/09\/DIEGO-LUCA-DE-TENA-MIGASOCIAL-1920-1080-200x150.jpg 200w, https:\/\/francescoeconomy.org\/wp-content\/uploads\/2022\/09\/DIEGO-LUCA-DE-TENA-MIGASOCIAL-1920-1080-400x300.jpg 400w, https:\/\/francescoeconomy.org\/wp-content\/uploads\/2022\/09\/DIEGO-LUCA-DE-TENA-MIGASOCIAL-1920-1080-600x450.jpg 600w, https:\/\/francescoeconomy.org\/wp-content\/uploads\/2022\/09\/DIEGO-LUCA-DE-TENA-MIGASOCIAL-1920-1080-800x600.jpg 800w, https:\/\/francescoeconomy.org\/wp-content\/uploads\/2022\/09\/DIEGO-LUCA-DE-TENA-MIGASOCIAL-1920-1080-1200x900.jpg 1200w, https:\/\/francescoeconomy.org\/wp-content\/uploads\/2022\/09\/DIEGO-LUCA-DE-TENA-MIGASOCIAL-1920-1080.jpg 1920w\" data-sizes=\"auto\" data-orig-sizes=\"(max-width: 720px) 100vw, (max-width: 640px) 100vw, 600px\" \/><\/span><\/div><\/div><\/div><div class=\"fusion-layout-column fusion_builder_column fusion-builder-column-1 fusion_builder_column_1_2 1_2 fusion-flex-column\" style=\"--awb-bg-size:cover;--awb-width-large:50%;--awb-margin-top-large:0px;--awb-spacing-right-large:3.84%;--awb-margin-bottom-large:20px;--awb-spacing-left-large:3.84%;--awb-width-medium:100%;--awb-order-medium:0;--awb-spacing-right-medium:1.92%;--awb-spacing-left-medium:1.92%;--awb-width-small:100%;--awb-order-small:0;--awb-spacing-right-small:1.92%;--awb-spacing-left-small:1.92%;\"><div class=\"fusion-column-wrapper fusion-column-has-shadow fusion-flex-justify-content-flex-start fusion-content-layout-column\"><div class=\"fusion-text fusion-text-1\"><p><span style=\"font-weight: 400;\">Abbiamo parlato con Diego Luca de Tena, membro della comunit\u00e0 globale The Economy of Francesco (The Economy of Francesco-EoF) che fa parte del Villaggio Energia e Povert\u00e0 dell&#8217;HUB di Madrid e organizzatore del workshop &#8220;Triple Impact Business Cases&#8221; che si terr\u00e0 ad Assisi a settembre.<\/span><\/p>\n<p><span style=\"font-weight: 400;\">&#8220;Sogno nuovi progetti imprenditoriali che migliorino la vita delle persone per molte generazioni. Attualmente, le risorse che l&#8217;umanit\u00e0 produce in un anno intero vengono consumate in soli 7 mesi, e queste risorse non raggiungono molte persone&#8221;.<\/span><\/p>\n<p><span style=\"font-weight: 400;\">&#8220;Dopo diversi anni di videochiamate, non vediamo l&#8217;ora di vederci di persona, soprattutto coloro che sono lontani, in America Latina, in Corea, e coloro che stanno attraversando un periodo difficile, come gli ucraini.<\/span><\/p>\n<p style=\"text-align: right;\"><span style=\"font-weight: 400;\">\u00a0Marta Isabel Gonz\u00e1lez \u00c1lvarez <a href=\"https:\/\/twitter.com\/migasocial\"><i>@migasocial<\/i><\/a><\/span><\/p>\n<\/div><\/div><\/div><\/div><\/div><div class=\"fusion-fullwidth fullwidth-box fusion-builder-row-2 fusion-flex-container nonhundred-percent-fullwidth non-hundred-percent-height-scrolling\" style=\"--awb-border-radius-top-left:0px;--awb-border-radius-top-right:0px;--awb-border-radius-bottom-right:0px;--awb-border-radius-bottom-left:0px;--awb-flex-wrap:wrap;\" ><div class=\"fusion-builder-row fusion-row fusion-flex-align-items-flex-start fusion-flex-content-wrap\" style=\"max-width:1248px;margin-left: calc(-4% \/ 2 );margin-right: calc(-4% \/ 2 );\"><div class=\"fusion-layout-column fusion_builder_column fusion-builder-column-2 fusion_builder_column_1_1 1_1 fusion-flex-column\" style=\"--awb-bg-size:cover;--awb-width-large:100%;--awb-margin-top-large:0px;--awb-spacing-right-large:1.92%;--awb-margin-bottom-large:20px;--awb-spacing-left-large:1.92%;--awb-width-medium:100%;--awb-order-medium:0;--awb-spacing-right-medium:1.92%;--awb-spacing-left-medium:1.92%;--awb-width-small:100%;--awb-order-small:0;--awb-spacing-right-small:1.92%;--awb-spacing-left-small:1.92%;\"><div class=\"fusion-column-wrapper fusion-column-has-shadow fusion-flex-justify-content-flex-start fusion-content-layout-column\"><div class=\"fusion-text fusion-text-2\"><p><span style=\"font-weight: 400;\">Ha uno sguardo inquieto ed \u00e8 pieno di energia, e proprio questo \u00e8 l&#8217;oggetto della sua specializzazione accademica come dottore in ingegneria con una tesi incentrata sulle energie rinnovabili (Integrazione di energie rinnovabili su larga scala con veicoli elettrici). La mente e il ragionamento di un ingegnere con la forza e l&#8217;ottimismo di un imprenditore. Ma soprattutto, Diego ha un&#8217;enorme voglia di cambiare le cose nel mondo degli affari, sapendo che si pu\u00f2 fare impresa tenendo conto non solo della redditivit\u00e0 economica, ma anche mettendo al centro l&#8217;essere umano e rispettando la nostra Casa Comune, cosa ancora troppo poco frequente al giorno d&#8217;oggi, visto che le persone e l&#8217;ambiente sono spesso considerati meri strumenti per far quadrare il conto economico. Tre anni fa, ha sentito la chiamata di Papa Francesco che invitava i giovani a partecipare all&#8217;Economia di Francesco (The Economy of Francesco-EoF). Non ci ha pensato due volte, si \u00e8 iscritto, si \u00e8 impegnato e siccome l&#8217;incontro di persona tardava ad arrivare, ha promosso un viaggio e un incontro su scala pi\u00f9 ridotta ad Assisi e a Roma nel novembre 2021 per incontrare altri giovani professionisti con i quali ha lavorato online per tutti questi mesi e per condividere con suor Alessandra Smerilli, oggi segretaria del Dicastero per il Servizio dello Sviluppo Umano Integrale, idee e proposte per questa nuova realt\u00e0 della chiesa, L&#8217;economia di Francesco, e per preparare e organizzare ci\u00f2 che sta accadendo quest&#8217;anno: Che finalmente si incontreranno tutti ad Assisi (Italia) in occasione dell&#8217;Evento globale che si terr\u00e0 dal 22 al 24 settembre e alla presenza di Papa Francesco.<\/span><\/p>\n<p><span style=\"font-weight: 400;\">Gli abbiamo posto dieci semplici domande e questo \u00e8 il risultato:<\/span><\/p>\n<p><b>Pu\u00f2 dirci il suo nome, la sua et\u00e0 e la sua professione?<\/b><\/p>\n<p><span style=\"font-weight: 400;\">Mi chiamo Diego Luca de Tena, ho 37 anni e lavoro nel campo dell&#8217;ingegneria e della consulenza.<\/span><\/p>\n<p><b>Come definirebbe L&#8217;economia di Francesco (The Economy of Francesco-EoF) in meno di 15 parole?<\/b><\/p>\n<p><span style=\"font-weight: 400;\">Una rete internazionale di giovani per cambiare il mondo dell&#8217;economia e del business.\u00a0<\/span><\/p>\n<p><b>Come e quando ha conosciuto The Economy of Francesco-EoF e qual \u00e8 il suo coinvolgimento in questa nuova comunit\u00e0 globale?\u00a0<\/b><\/p>\n<p><span style=\"font-weight: 400;\">Sentivo che i valori che avevo ricevuto a scuola e all&#8217;universit\u00e0 (principalmente realt\u00e0 cattoliche) erano molto lontani dalla realt\u00e0 economica e aziendale attuale e questo riguardava sia il settore pubblico che quello privato. Dopo aver parlato con diverse persone fidate ed esperte: manager di multinazionali, professori di business school, sacerdoti e persino un career coach o un consulente, mi sono resa conto che questa situazione era diffusa e sono stata incoraggiata a sfidare lo status quo. Ho preso in considerazione diverse strade, come il sacerdozio o la politica, ma ho pensato che, in base alla mia realt\u00e0 personale e alle mie capacit\u00e0, era nel mondo degli affari che potevo dare un contributo maggiore. In quel momento ho visto l&#8217;appello di Papa Francesco sui media e non ho esitato a iscrivermi.<\/span><\/p>\n<p><b>Lei \u00e8 un ingegnere e un esperto di energie rinnovabili&#8230; EoF non riguarda solo l&#8217;economia, vero? Come spiegherebbe o incoraggerebbe qualcuno a partecipare a EoF se non \u00e8 molto interessato al mondo dell&#8217;economia?<\/b><\/p>\n<p><span style=\"font-weight: 400;\">Tutti noi partecipiamo al mondo economico: anche se semplicemente come consumatori, possiamo ri-orientare i nostri acquisti.\u00a0 In questo modo possiamo evitare di acquistare prodotti o servizi da aziende che riteniamo non condividano i nostri valori e\/o non facciano abbastanza per ridurre il loro impatto ambientale.\u00a0<\/span><\/p>\n<p><span style=\"font-weight: 400;\">Possiamo anche influenzare le aziende per cui lavoriamo e il nostro ambiente sociale per promuovere una maggiore responsabilit\u00e0 fiscale e un uso pi\u00f9 efficiente delle risorse naturali e dell&#8217;energia.\u00a0<\/span><\/p>\n<p><b>Ci ha detto che &#8220;l&#8217;ego&#8221; (vanit\u00e0) e il desiderio di vivere nel consumismo e nel lusso (avidit\u00e0) sono due problemi che ha incontrato. Secondo lei e secondo la sua esperienza, qual \u00e8 il pi\u00f9 grande &#8220;male morale&#8221; nel mondo degli affari e dell&#8217;economia in generale?<\/b><\/p>\n<p><span style=\"font-weight: 400;\">Penso che l&#8217;economia di mercato abbia funzionato meglio del socialismo, e certamente del comunismo, nel far uscire le persone dalla povert\u00e0 e nel dare loro opportunit\u00e0. Tuttavia, questo modello sta &#8220;morendo di successo&#8221; per l&#8217;esaurimento delle risorse naturali e per la subordinazione di tutto, compresa la dignit\u00e0 della persona umana, al mercato. Non mi riferisco solo all&#8217;industria degli armamenti, alla geostrategia militare, alla pornografia, alla droga o all&#8217;aborto, ma anche a situazioni pi\u00f9 banali come la manipolazione della verit\u00e0 in nome degli interessi, il tentativo di imporre condizioni di lavoro che impediscono materialmente alle persone di farsi una famiglia, la considerazione che se non si traggono indebiti benefici, qualcun altro ne trarr\u00e0 al posto tuo, e cos\u00ec via.\u00a0<\/span><\/p>\n<p><span style=\"font-weight: 400;\">Quando non c&#8217;\u00e8 un valore superiore, una verit\u00e0 universale o un bene comune, ci\u00f2 che rimane \u00e8 il tutti contro tutti e le relazioni transazionali (io do a te perch\u00e9 tu dia a me). Questo \u00e8 l&#8217;opposto di quanto proposto nell&#8217;ultima enciclica di Papa Francesco, Fratelli tutti, che riduce il prossimo a un&#8217;unit\u00e0 che produce utilit\u00e0 economica per me, quando la persona \u00e8 molto di pi\u00f9. Possiamo dire che c&#8217;\u00e8 molto da fare, molto margine di miglioramento, molto &#8220;room for improvement&#8221; come dicono gli anglosassoni.<\/span><\/p>\n<p><b>Come soluzione proposta, secondo lei, cosa apporta l&#8217;EdF al mondo del business e dell&#8217;imprenditoria?<\/b><\/p>\n<p><span style=\"font-weight: 400;\">L&#8217;Economia di Francesco (EdF) \u00e8 uno spazio (reale e virtuale) dove incontrare persone con preoccupazioni simili per imparare, accendersi e uscire a cambiare il mondo. All&#8217;interno di EoF sono nate una moltitudine di iniziative come la Scuola EoF, l&#8217;Accademia EoF, un fondo di investimento che segue la dottrina sociale della Chiesa, un&#8217;azienda di produzione di miele sostenibile, una rete internazionale di agricoltura sostenibile, progetti di energia solare in ambienti svantaggiati, progetti di edilizia sostenibile e molti altri.<\/span><\/p>\n<p><b>Il prossimo settembre, dal 22 al 24 settembre, saremo ad Assisi per l&#8217;Evento Globale 2022. Quali emozioni provate al pensiero che finalmente saremo insieme di persona e anche quando sapete che Papa Francesco verr\u00e0 a stare con voi sabato 24 settembre?<\/b><\/p>\n<p><span style=\"font-weight: 400;\">Non vedo l&#8217;ora di poter finalmente partecipare, visto che gli eventi del 2020 e del 2021 si sono svolti online a causa della pandemia. Dopo diversi anni di videochiamate, non vediamo l&#8217;ora di vederci di persona, soprattutto coloro che sono lontani, in America Latina, in Corea, e coloro che stanno attraversando un periodo difficile, come gli ucraini. D&#8217;altra parte, la presenza di Papa Francesco \u00e8 un grande dono e una spinta al progetto, non vediamo l&#8217;ora di incontrarlo!<\/span><\/p>\n<p><b>Quale workshop avete organizzato per questi giorni ad Assisi e in cosa consiste? Sar\u00e0 possibile partecipare virtualmente se non abbiamo la possibilit\u00e0 di andare ad Assisi?\u00a0<\/b><\/p>\n<p><span style=\"font-weight: 400;\">Il workshop sar\u00e0 faccia a faccia e si chiamer\u00e0 &#8220;Triple Impact Business Cases&#8221;, in cui diversi imprenditori presenteranno i loro progetti, concentrandosi sulle loro motivazioni iniziali, su come li hanno realizzati e sui risultati ottenuti. io far\u00f2 da moderatore e parteciperanno tre imprenditori: Virginia Solis, del Villaggio &#8220;Agricoltura e Giustizia&#8221;, che presenter\u00e0 la sua esperienza nell&#8217;avvio di progetti come Matera e la &#8220;Fattoria di Francesco&#8221;; Manuel Ega\u00f1a, dell&#8217;HUB EoF dei Paesi Baschi, che presenter\u00e0 la sua esperienza nell&#8217;ambiente cooperativo di Mondrag\u00f3n e, infine, Germ\u00e1n Jorge, su come la sua impresa di costruzioni ha contribuito a ridurre la povert\u00e0 nella regione del Paran\u00e1 in Argentina.\u00a0<\/span><\/p>\n<p><span style=\"font-weight: 400;\">L&#8217;idea \u00e8 proprio questa, mostrare casi reali di persone reali in modo che i partecipanti possano avere idee concrete su come rendere i loro progetti aziendali pi\u00f9 umani e sostenibili.<\/span><\/p>\n<p><b>Cosa si aspetta dall&#8217;incontro di Assisi e quali sono i suoi sogni per EdF e per il mondo dell&#8217;economia in generale?<\/b><\/p>\n<p><span style=\"font-weight: 400;\">In generale, mi auguro che sia un successo con un&#8217;ampia partecipazione e che tutti noi ce ne andiamo con le pile piene per rendere il mondo dell&#8217;economia e delle imprese pi\u00f9 fraterno e pi\u00f9 sostenibile.\u00a0<\/span><\/p>\n<p><span style=\"font-weight: 400;\">In particolare, sogno nuovi progetti imprenditoriali che migliorino la vita delle persone per le generazioni a venire. Attualmente, le risorse che l&#8217;umanit\u00e0 produce in un anno intero vengono consumate in soli 7 mesi, e queste risorse non raggiungono molte persone.<\/span><\/p>\n<p><b>Infine, quali obiettivi e progetti avete in mente voi, il vostro villaggio e l&#8217;HUB per i prossimi mesi e per l&#8217;anno 2023?<\/b><\/p>\n<p><span style=\"font-weight: 400;\">Questo verr\u00e0 dopo. In questo momento siamo totalmente concentrati sulla preparazione dell&#8217;evento di Assisi, dove vogliamo promuovere l&#8217;imprenditorialit\u00e0 in generale e soprattutto nel campo dell&#8217;energia.<\/span><\/p>\n<\/div><\/div><\/div><\/div><\/div><\/p>\n","protected":false},"excerpt":{"rendered":"","protected":false},"author":5,"featured_media":20031,"comment_status":"open","ping_status":"closed","sticky":false,"template":"","format":"standard","meta":{"footnotes":""},"categories":[238,248,16,232,240],"tags":[418,419],"class_list":["post-20036","post","type-post","status-publish","format-standard","has-post-thumbnail","hentry","category-eof-people","category-eof-people-2-it","category-notizie","category-whats-on-2","category-whats-on-it","tag-diego-luca-de-tena-it","tag-spain-it"],"yoast_head":"<!-- This site is optimized with the Yoast SEO plugin v27.4 - https:\/\/yoast.com\/product\/yoast-seo-wordpress\/ -->\n<title>L&#039;economia di Francesco in 10 domande: Diego Luca de Tena | The Economy of Francesco The Economy of Francis in 10 QUESTIONS<\/title>\n<meta name=\"description\" content=\"We spoke with Diego Luca de Tena, a member of the global community the Economy of Francesco (The Economy of Francesco-EoF) who is part of the Madrid HUB&#039;s &quot;Energy and Poverty&quot; Village and organizer of the &quot;Triple Impact Business Cases&quot; workshop that will take place in Assisi in September.\" \/>\n<meta name=\"robots\" content=\"index, follow, max-snippet:-1, max-image-preview:large, max-video-preview:-1\" \/>\n<link rel=\"canonical\" href=\"https:\/\/francescoeconomy.org\/it\/the-economy-of-francesco-in-10-questions-diego-luca-de-tena\/\" \/>\n<meta property=\"og:locale\" content=\"it_IT\" \/>\n<meta property=\"og:type\" content=\"article\" \/>\n<meta property=\"og:title\" content=\"L&#039;economia di Francesco in 10 domande: Diego Luca de Tena | The Economy of Francesco The Economy of Francis in 10 QUESTIONS\" \/>\n<meta property=\"og:description\" content=\"We spoke with Diego Luca de Tena, a member of the global community the Economy of Francesco (The Economy of Francesco-EoF) who is part of the Madrid HUB&#039;s &quot;Energy and Poverty&quot; Village and organizer of the &quot;Triple Impact Business Cases&quot; workshop that will take place in Assisi in September.\" \/>\n<meta property=\"og:url\" content=\"https:\/\/francescoeconomy.org\/it\/the-economy-of-francesco-in-10-questions-diego-luca-de-tena\/\" \/>\n<meta property=\"og:site_name\" content=\"The Economy of Francesco\" \/>\n<meta property=\"article:published_time\" content=\"2022-09-07T16:28:05+00:00\" \/>\n<meta property=\"article:modified_time\" content=\"2022-09-07T17:36:15+00:00\" \/>\n<meta property=\"og:image\" content=\"https:\/\/francescoeconomy.org\/wp-content\/uploads\/2022\/09\/DIEGO-LUCA-DE-TENA-MIGASOCIAL-1920-1080.jpg\" \/>\n\t<meta property=\"og:image:width\" content=\"1920\" \/>\n\t<meta property=\"og:image:height\" content=\"1440\" \/>\n\t<meta property=\"og:image:type\" content=\"image\/jpeg\" \/>\n<meta name=\"author\" content=\"Marta Isabel Gonzalez\" \/>\n<meta name=\"twitter:card\" content=\"summary_large_image\" \/>\n<meta name=\"twitter:label1\" content=\"Scritto da\" \/>\n\t<meta name=\"twitter:data1\" content=\"Marta Isabel Gonzalez\" \/>\n\t<meta name=\"twitter:label2\" content=\"Tempo di lettura stimato\" \/>\n\t<meta name=\"twitter:data2\" content=\"9 minuti\" \/>\n<script type=\"application\/ld+json\" class=\"yoast-schema-graph\">{\"@context\":\"https:\\\/\\\/schema.org\",\"@graph\":[{\"@type\":\"Article\",\"@id\":\"https:\\\/\\\/francescoeconomy.org\\\/it\\\/the-economy-of-francesco-in-10-questions-diego-luca-de-tena\\\/#article\",\"isPartOf\":{\"@id\":\"https:\\\/\\\/francescoeconomy.org\\\/it\\\/the-economy-of-francesco-in-10-questions-diego-luca-de-tena\\\/\"},\"author\":{\"name\":\"Marta Isabel Gonzalez\",\"@id\":\"https:\\\/\\\/francescoeconomy.org\\\/#\\\/schema\\\/person\\\/2e1d6d3ad3b6cbf9b862cacd05d63f7c\"},\"headline\":\"L&#8217;economia di Francesco in 10 domande: Diego Luca de Tena\",\"datePublished\":\"2022-09-07T16:28:05+00:00\",\"dateModified\":\"2022-09-07T17:36:15+00:00\",\"mainEntityOfPage\":{\"@id\":\"https:\\\/\\\/francescoeconomy.org\\\/it\\\/the-economy-of-francesco-in-10-questions-diego-luca-de-tena\\\/\"},\"wordCount\":3026,\"commentCount\":0,\"publisher\":{\"@id\":\"https:\\\/\\\/francescoeconomy.org\\\/#organization\"},\"image\":{\"@id\":\"https:\\\/\\\/francescoeconomy.org\\\/it\\\/the-economy-of-francesco-in-10-questions-diego-luca-de-tena\\\/#primaryimage\"},\"thumbnailUrl\":\"https:\\\/\\\/francescoeconomy.org\\\/wp-content\\\/uploads\\\/2022\\\/09\\\/DIEGO-LUCA-DE-TENA-MIGASOCIAL-1920-1080.jpg\",\"keywords\":[\"Diego Luca de Tena\",\"Spain\"],\"articleSection\":[\"EoF PEOPLE\",\"EoF PEOPLE\",\"Notizie\",\"WHAT'S ON\",\"WHAT&#8217;S ON\"],\"inLanguage\":\"it-IT\",\"potentialAction\":[{\"@type\":\"CommentAction\",\"name\":\"Comment\",\"target\":[\"https:\\\/\\\/francescoeconomy.org\\\/it\\\/the-economy-of-francesco-in-10-questions-diego-luca-de-tena\\\/#respond\"]}]},{\"@type\":\"WebPage\",\"@id\":\"https:\\\/\\\/francescoeconomy.org\\\/it\\\/the-economy-of-francesco-in-10-questions-diego-luca-de-tena\\\/\",\"url\":\"https:\\\/\\\/francescoeconomy.org\\\/it\\\/the-economy-of-francesco-in-10-questions-diego-luca-de-tena\\\/\",\"name\":\"L'economia di Francesco in 10 domande: Diego Luca de Tena | The Economy of Francesco The Economy of Francis in 10 QUESTIONS\",\"isPartOf\":{\"@id\":\"https:\\\/\\\/francescoeconomy.org\\\/#website\"},\"primaryImageOfPage\":{\"@id\":\"https:\\\/\\\/francescoeconomy.org\\\/it\\\/the-economy-of-francesco-in-10-questions-diego-luca-de-tena\\\/#primaryimage\"},\"image\":{\"@id\":\"https:\\\/\\\/francescoeconomy.org\\\/it\\\/the-economy-of-francesco-in-10-questions-diego-luca-de-tena\\\/#primaryimage\"},\"thumbnailUrl\":\"https:\\\/\\\/francescoeconomy.org\\\/wp-content\\\/uploads\\\/2022\\\/09\\\/DIEGO-LUCA-DE-TENA-MIGASOCIAL-1920-1080.jpg\",\"datePublished\":\"2022-09-07T16:28:05+00:00\",\"dateModified\":\"2022-09-07T17:36:15+00:00\",\"description\":\"We spoke with Diego Luca de Tena, a member of the global community the Economy of Francesco (The Economy of Francesco-EoF) who is part of the Madrid HUB's \\\"Energy and Poverty\\\" Village and organizer of the \\\"Triple Impact Business Cases\\\" workshop that will take place in Assisi in September.\",\"breadcrumb\":{\"@id\":\"https:\\\/\\\/francescoeconomy.org\\\/it\\\/the-economy-of-francesco-in-10-questions-diego-luca-de-tena\\\/#breadcrumb\"},\"inLanguage\":\"it-IT\",\"potentialAction\":[{\"@type\":\"ReadAction\",\"target\":[\"https:\\\/\\\/francescoeconomy.org\\\/it\\\/the-economy-of-francesco-in-10-questions-diego-luca-de-tena\\\/\"]}]},{\"@type\":\"ImageObject\",\"inLanguage\":\"it-IT\",\"@id\":\"https:\\\/\\\/francescoeconomy.org\\\/it\\\/the-economy-of-francesco-in-10-questions-diego-luca-de-tena\\\/#primaryimage\",\"url\":\"https:\\\/\\\/francescoeconomy.org\\\/wp-content\\\/uploads\\\/2022\\\/09\\\/DIEGO-LUCA-DE-TENA-MIGASOCIAL-1920-1080.jpg\",\"contentUrl\":\"https:\\\/\\\/francescoeconomy.org\\\/wp-content\\\/uploads\\\/2022\\\/09\\\/DIEGO-LUCA-DE-TENA-MIGASOCIAL-1920-1080.jpg\",\"width\":1920,\"height\":1440,\"caption\":\"Diego Luca de Tena. Foto: Marta Isabel Gonz\u00e1lez @migasocial\"},{\"@type\":\"BreadcrumbList\",\"@id\":\"https:\\\/\\\/francescoeconomy.org\\\/it\\\/the-economy-of-francesco-in-10-questions-diego-luca-de-tena\\\/#breadcrumb\",\"itemListElement\":[{\"@type\":\"ListItem\",\"position\":1,\"name\":\"Home\",\"item\":\"https:\\\/\\\/francescoeconomy.org\\\/it\\\/\"},{\"@type\":\"ListItem\",\"position\":2,\"name\":\"L&#8217;economia di Francesco in 10 domande: Diego Luca de Tena\"}]},{\"@type\":\"WebSite\",\"@id\":\"https:\\\/\\\/francescoeconomy.org\\\/#website\",\"url\":\"https:\\\/\\\/francescoeconomy.org\\\/\",\"name\":\"The Economy of Francesco\",\"description\":\"Young people, a commitment, the future\",\"publisher\":{\"@id\":\"https:\\\/\\\/francescoeconomy.org\\\/#organization\"},\"potentialAction\":[{\"@type\":\"SearchAction\",\"target\":{\"@type\":\"EntryPoint\",\"urlTemplate\":\"https:\\\/\\\/francescoeconomy.org\\\/?s={search_term_string}\"},\"query-input\":{\"@type\":\"PropertyValueSpecification\",\"valueRequired\":true,\"valueName\":\"search_term_string\"}}],\"inLanguage\":\"it-IT\"},{\"@type\":\"Organization\",\"@id\":\"https:\\\/\\\/francescoeconomy.org\\\/#organization\",\"name\":\"The Economy of Francesco\",\"url\":\"https:\\\/\\\/francescoeconomy.org\\\/\",\"logo\":{\"@type\":\"ImageObject\",\"inLanguage\":\"it-IT\",\"@id\":\"https:\\\/\\\/francescoeconomy.org\\\/#\\\/schema\\\/logo\\\/image\\\/\",\"url\":\"https:\\\/\\\/francescoeconomy.org\\\/wp-content\\\/uploads\\\/2019\\\/06\\\/Logo-EoF2020-tracciato.png\",\"contentUrl\":\"https:\\\/\\\/francescoeconomy.org\\\/wp-content\\\/uploads\\\/2019\\\/06\\\/Logo-EoF2020-tracciato.png\",\"width\":513,\"height\":513,\"caption\":\"The Economy of Francesco\"},\"image\":{\"@id\":\"https:\\\/\\\/francescoeconomy.org\\\/#\\\/schema\\\/logo\\\/image\\\/\"}},{\"@type\":\"Person\",\"@id\":\"https:\\\/\\\/francescoeconomy.org\\\/#\\\/schema\\\/person\\\/2e1d6d3ad3b6cbf9b862cacd05d63f7c\",\"name\":\"Marta Isabel Gonzalez\",\"image\":{\"@type\":\"ImageObject\",\"inLanguage\":\"it-IT\",\"@id\":\"https:\\\/\\\/secure.gravatar.com\\\/avatar\\\/20577a3c6195b29e32edcbb7163b1a467bb4e244f6acb3a1323e57f7831f0c82?s=96&d=mm&r=g\",\"url\":\"https:\\\/\\\/secure.gravatar.com\\\/avatar\\\/20577a3c6195b29e32edcbb7163b1a467bb4e244f6acb3a1323e57f7831f0c82?s=96&d=mm&r=g\",\"contentUrl\":\"https:\\\/\\\/secure.gravatar.com\\\/avatar\\\/20577a3c6195b29e32edcbb7163b1a467bb4e244f6acb3a1323e57f7831f0c82?s=96&d=mm&r=g\",\"caption\":\"Marta Isabel Gonzalez\"}}]}<\/script>\n<!-- \/ Yoast SEO plugin. -->","yoast_head_json":{"title":"L'economia di Francesco in 10 domande: Diego Luca de Tena | The Economy of Francesco The Economy of Francis in 10 QUESTIONS","description":"We spoke with Diego Luca de Tena, a member of the global community the Economy of Francesco (The Economy of Francesco-EoF) who is part of the Madrid HUB's \"Energy and Poverty\" Village and organizer of the \"Triple Impact Business Cases\" workshop that will take place in Assisi in September.","robots":{"index":"index","follow":"follow","max-snippet":"max-snippet:-1","max-image-preview":"max-image-preview:large","max-video-preview":"max-video-preview:-1"},"canonical":"https:\/\/francescoeconomy.org\/it\/the-economy-of-francesco-in-10-questions-diego-luca-de-tena\/","og_locale":"it_IT","og_type":"article","og_title":"L'economia di Francesco in 10 domande: Diego Luca de Tena | The Economy of Francesco The Economy of Francis in 10 QUESTIONS","og_description":"We spoke with Diego Luca de Tena, a member of the global community the Economy of Francesco (The Economy of Francesco-EoF) who is part of the Madrid HUB's \"Energy and Poverty\" Village and organizer of the \"Triple Impact Business Cases\" workshop that will take place in Assisi in September.","og_url":"https:\/\/francescoeconomy.org\/it\/the-economy-of-francesco-in-10-questions-diego-luca-de-tena\/","og_site_name":"The Economy of Francesco","article_published_time":"2022-09-07T16:28:05+00:00","article_modified_time":"2022-09-07T17:36:15+00:00","og_image":[{"width":1920,"height":1440,"url":"https:\/\/francescoeconomy.org\/wp-content\/uploads\/2022\/09\/DIEGO-LUCA-DE-TENA-MIGASOCIAL-1920-1080.jpg","type":"image\/jpeg"}],"author":"Marta Isabel Gonzalez","twitter_card":"summary_large_image","twitter_misc":{"Scritto da":"Marta Isabel Gonzalez","Tempo di lettura stimato":"9 minuti"},"schema":{"@context":"https:\/\/schema.org","@graph":[{"@type":"Article","@id":"https:\/\/francescoeconomy.org\/it\/the-economy-of-francesco-in-10-questions-diego-luca-de-tena\/#article","isPartOf":{"@id":"https:\/\/francescoeconomy.org\/it\/the-economy-of-francesco-in-10-questions-diego-luca-de-tena\/"},"author":{"name":"Marta Isabel Gonzalez","@id":"https:\/\/francescoeconomy.org\/#\/schema\/person\/2e1d6d3ad3b6cbf9b862cacd05d63f7c"},"headline":"L&#8217;economia di Francesco in 10 domande: Diego Luca de Tena","datePublished":"2022-09-07T16:28:05+00:00","dateModified":"2022-09-07T17:36:15+00:00","mainEntityOfPage":{"@id":"https:\/\/francescoeconomy.org\/it\/the-economy-of-francesco-in-10-questions-diego-luca-de-tena\/"},"wordCount":3026,"commentCount":0,"publisher":{"@id":"https:\/\/francescoeconomy.org\/#organization"},"image":{"@id":"https:\/\/francescoeconomy.org\/it\/the-economy-of-francesco-in-10-questions-diego-luca-de-tena\/#primaryimage"},"thumbnailUrl":"https:\/\/francescoeconomy.org\/wp-content\/uploads\/2022\/09\/DIEGO-LUCA-DE-TENA-MIGASOCIAL-1920-1080.jpg","keywords":["Diego Luca de Tena","Spain"],"articleSection":["EoF PEOPLE","EoF PEOPLE","Notizie","WHAT'S ON","WHAT&#8217;S ON"],"inLanguage":"it-IT","potentialAction":[{"@type":"CommentAction","name":"Comment","target":["https:\/\/francescoeconomy.org\/it\/the-economy-of-francesco-in-10-questions-diego-luca-de-tena\/#respond"]}]},{"@type":"WebPage","@id":"https:\/\/francescoeconomy.org\/it\/the-economy-of-francesco-in-10-questions-diego-luca-de-tena\/","url":"https:\/\/francescoeconomy.org\/it\/the-economy-of-francesco-in-10-questions-diego-luca-de-tena\/","name":"L'economia di Francesco in 10 domande: Diego Luca de Tena | The Economy of Francesco The Economy of Francis in 10 QUESTIONS","isPartOf":{"@id":"https:\/\/francescoeconomy.org\/#website"},"primaryImageOfPage":{"@id":"https:\/\/francescoeconomy.org\/it\/the-economy-of-francesco-in-10-questions-diego-luca-de-tena\/#primaryimage"},"image":{"@id":"https:\/\/francescoeconomy.org\/it\/the-economy-of-francesco-in-10-questions-diego-luca-de-tena\/#primaryimage"},"thumbnailUrl":"https:\/\/francescoeconomy.org\/wp-content\/uploads\/2022\/09\/DIEGO-LUCA-DE-TENA-MIGASOCIAL-1920-1080.jpg","datePublished":"2022-09-07T16:28:05+00:00","dateModified":"2022-09-07T17:36:15+00:00","description":"We spoke with Diego Luca de Tena, a member of the global community the Economy of Francesco (The Economy of Francesco-EoF) who is part of the Madrid HUB's \"Energy and Poverty\" Village and organizer of the \"Triple Impact Business Cases\" workshop that will take place in Assisi in September.","breadcrumb":{"@id":"https:\/\/francescoeconomy.org\/it\/the-economy-of-francesco-in-10-questions-diego-luca-de-tena\/#breadcrumb"},"inLanguage":"it-IT","potentialAction":[{"@type":"ReadAction","target":["https:\/\/francescoeconomy.org\/it\/the-economy-of-francesco-in-10-questions-diego-luca-de-tena\/"]}]},{"@type":"ImageObject","inLanguage":"it-IT","@id":"https:\/\/francescoeconomy.org\/it\/the-economy-of-francesco-in-10-questions-diego-luca-de-tena\/#primaryimage","url":"https:\/\/francescoeconomy.org\/wp-content\/uploads\/2022\/09\/DIEGO-LUCA-DE-TENA-MIGASOCIAL-1920-1080.jpg","contentUrl":"https:\/\/francescoeconomy.org\/wp-content\/uploads\/2022\/09\/DIEGO-LUCA-DE-TENA-MIGASOCIAL-1920-1080.jpg","width":1920,"height":1440,"caption":"Diego Luca de Tena. Foto: Marta Isabel Gonz\u00e1lez @migasocial"},{"@type":"BreadcrumbList","@id":"https:\/\/francescoeconomy.org\/it\/the-economy-of-francesco-in-10-questions-diego-luca-de-tena\/#breadcrumb","itemListElement":[{"@type":"ListItem","position":1,"name":"Home","item":"https:\/\/francescoeconomy.org\/it\/"},{"@type":"ListItem","position":2,"name":"L&#8217;economia di Francesco in 10 domande: Diego Luca de Tena"}]},{"@type":"WebSite","@id":"https:\/\/francescoeconomy.org\/#website","url":"https:\/\/francescoeconomy.org\/","name":"The Economy of Francesco","description":"Young people, a commitment, the future","publisher":{"@id":"https:\/\/francescoeconomy.org\/#organization"},"potentialAction":[{"@type":"SearchAction","target":{"@type":"EntryPoint","urlTemplate":"https:\/\/francescoeconomy.org\/?s={search_term_string}"},"query-input":{"@type":"PropertyValueSpecification","valueRequired":true,"valueName":"search_term_string"}}],"inLanguage":"it-IT"},{"@type":"Organization","@id":"https:\/\/francescoeconomy.org\/#organization","name":"The Economy of Francesco","url":"https:\/\/francescoeconomy.org\/","logo":{"@type":"ImageObject","inLanguage":"it-IT","@id":"https:\/\/francescoeconomy.org\/#\/schema\/logo\/image\/","url":"https:\/\/francescoeconomy.org\/wp-content\/uploads\/2019\/06\/Logo-EoF2020-tracciato.png","contentUrl":"https:\/\/francescoeconomy.org\/wp-content\/uploads\/2019\/06\/Logo-EoF2020-tracciato.png","width":513,"height":513,"caption":"The Economy of Francesco"},"image":{"@id":"https:\/\/francescoeconomy.org\/#\/schema\/logo\/image\/"}},{"@type":"Person","@id":"https:\/\/francescoeconomy.org\/#\/schema\/person\/2e1d6d3ad3b6cbf9b862cacd05d63f7c","name":"Marta Isabel Gonzalez","image":{"@type":"ImageObject","inLanguage":"it-IT","@id":"https:\/\/secure.gravatar.com\/avatar\/20577a3c6195b29e32edcbb7163b1a467bb4e244f6acb3a1323e57f7831f0c82?s=96&d=mm&r=g","url":"https:\/\/secure.gravatar.com\/avatar\/20577a3c6195b29e32edcbb7163b1a467bb4e244f6acb3a1323e57f7831f0c82?s=96&d=mm&r=g","contentUrl":"https:\/\/secure.gravatar.com\/avatar\/20577a3c6195b29e32edcbb7163b1a467bb4e244f6acb3a1323e57f7831f0c82?s=96&d=mm&r=g","caption":"Marta Isabel Gonzalez"}}]}},"_links":{"self":[{"href":"https:\/\/francescoeconomy.org\/it\/wp-json\/wp\/v2\/posts\/20036","targetHints":{"allow":["GET"]}}],"collection":[{"href":"https:\/\/francescoeconomy.org\/it\/wp-json\/wp\/v2\/posts"}],"about":[{"href":"https:\/\/francescoeconomy.org\/it\/wp-json\/wp\/v2\/types\/post"}],"author":[{"embeddable":true,"href":"https:\/\/francescoeconomy.org\/it\/wp-json\/wp\/v2\/users\/5"}],"replies":[{"embeddable":true,"href":"https:\/\/francescoeconomy.org\/it\/wp-json\/wp\/v2\/comments?post=20036"}],"version-history":[{"count":0,"href":"https:\/\/francescoeconomy.org\/it\/wp-json\/wp\/v2\/posts\/20036\/revisions"}],"wp:featuredmedia":[{"embeddable":true,"href":"https:\/\/francescoeconomy.org\/it\/wp-json\/wp\/v2\/media\/20031"}],"wp:attachment":[{"href":"https:\/\/francescoeconomy.org\/it\/wp-json\/wp\/v2\/media?parent=20036"}],"wp:term":[{"taxonomy":"category","embeddable":true,"href":"https:\/\/francescoeconomy.org\/it\/wp-json\/wp\/v2\/categories?post=20036"},{"taxonomy":"post_tag","embeddable":true,"href":"https:\/\/francescoeconomy.org\/it\/wp-json\/wp\/v2\/tags?post=20036"}],"curies":[{"name":"wp","href":"https:\/\/api.w.org\/{rel}","templated":true}]}}