{"id":23150,"date":"2023-04-26T16:01:03","date_gmt":"2023-04-26T14:01:03","guid":{"rendered":"https:\/\/francescoeconomy.org\/ecologia-integrale-andare-oltre-la-sostenibilita\/"},"modified":"2023-04-26T16:02:42","modified_gmt":"2023-04-26T14:02:42","slug":"ecologia-integrale-andare-oltre-la-sostenibilita","status":"publish","type":"post","link":"https:\/\/francescoeconomy.org\/it\/ecologia-integrale-andare-oltre-la-sostenibilita\/","title":{"rendered":"Ecologia integrale: andare oltre la sostenibilit\u00e0"},"content":{"rendered":"<p><div class=\"fusion-fullwidth fullwidth-box fusion-builder-row-1 fusion-flex-container nonhundred-percent-fullwidth non-hundred-percent-height-scrolling\" style=\"--awb-border-radius-top-left:0px;--awb-border-radius-top-right:0px;--awb-border-radius-bottom-right:0px;--awb-border-radius-bottom-left:0px;--awb-flex-wrap:wrap;\" ><div class=\"fusion-builder-row fusion-row fusion-flex-align-items-flex-start fusion-flex-content-wrap\" style=\"max-width:1248px;margin-left: calc(-4% \/ 2 );margin-right: calc(-4% \/ 2 );\"><div class=\"fusion-layout-column fusion_builder_column fusion-builder-column-0 fusion_builder_column_1_3 1_3 fusion-flex-column\" style=\"--awb-bg-size:cover;--awb-width-large:33.333333333333%;--awb-margin-top-large:0px;--awb-spacing-right-large:5.76%;--awb-margin-bottom-large:20px;--awb-spacing-left-large:5.76%;--awb-width-medium:100%;--awb-order-medium:0;--awb-spacing-right-medium:1.92%;--awb-spacing-left-medium:1.92%;--awb-width-small:100%;--awb-order-small:0;--awb-spacing-right-small:1.92%;--awb-spacing-left-small:1.92%;\"><div class=\"fusion-column-wrapper fusion-column-has-shadow fusion-flex-justify-content-flex-start fusion-content-layout-column\"><div class=\"fusion-image-element \" style=\"text-align:center;--awb-caption-title-font-family:var(--h2_typography-font-family);--awb-caption-title-font-weight:var(--h2_typography-font-weight);--awb-caption-title-font-style:var(--h2_typography-font-style);--awb-caption-title-size:var(--h2_typography-font-size);--awb-caption-title-transform:var(--h2_typography-text-transform);--awb-caption-title-line-height:var(--h2_typography-line-height);--awb-caption-title-letter-spacing:var(--h2_typography-letter-spacing);\"><span class=\" fusion-imageframe imageframe-none imageframe-1 hover-type-none\"><img decoding=\"async\" width=\"1024\" height=\"1024\" title=\"EoF (1)\" src=\"https:\/\/francescoeconomy.org\/wp-content\/uploads\/2023\/04\/EoF-1.png\" data-orig-src=\"https:\/\/francescoeconomy.org\/wp-content\/uploads\/2023\/04\/EoF-1-1024x1024.png\" alt class=\"lazyload img-responsive wp-image-23129\" srcset=\"data:image\/svg+xml,%3Csvg%20xmlns%3D%27http%3A%2F%2Fwww.w3.org%2F2000%2Fsvg%27%20width%3D%271080%27%20height%3D%271080%27%20viewBox%3D%270%200%201080%201080%27%3E%3Crect%20width%3D%271080%27%20height%3D%271080%27%20fill-opacity%3D%220%22%2F%3E%3C%2Fsvg%3E\" data-srcset=\"https:\/\/francescoeconomy.org\/wp-content\/uploads\/2023\/04\/EoF-1-200x200.png 200w, https:\/\/francescoeconomy.org\/wp-content\/uploads\/2023\/04\/EoF-1-400x400.png 400w, https:\/\/francescoeconomy.org\/wp-content\/uploads\/2023\/04\/EoF-1-600x600.png 600w, https:\/\/francescoeconomy.org\/wp-content\/uploads\/2023\/04\/EoF-1-800x800.png 800w, https:\/\/francescoeconomy.org\/wp-content\/uploads\/2023\/04\/EoF-1.png 1080w\" data-sizes=\"auto\" data-orig-sizes=\"(max-width: 720px) 100vw, (max-width: 640px) 100vw, 400px\" \/><\/span><\/div><\/div><\/div><div class=\"fusion-layout-column fusion_builder_column fusion-builder-column-1 fusion_builder_column_2_3 2_3 fusion-flex-column\" style=\"--awb-bg-size:cover;--awb-width-large:66.666666666667%;--awb-margin-top-large:0px;--awb-spacing-right-large:2.88%;--awb-margin-bottom-large:20px;--awb-spacing-left-large:2.88%;--awb-width-medium:100%;--awb-order-medium:0;--awb-spacing-right-medium:1.92%;--awb-spacing-left-medium:1.92%;--awb-width-small:100%;--awb-order-small:0;--awb-spacing-right-small:1.92%;--awb-spacing-left-small:1.92%;\"><div class=\"fusion-column-wrapper fusion-column-has-shadow fusion-flex-justify-content-flex-start fusion-content-layout-column\"><div class=\"fusion-text fusion-text-1\"><h1 class=\"label style-scope ytcp-thumbnail\" style=\"text-align: center;\">Ecologia integrale: andare oltre la sostenibilit\u00e0<\/h1>\n<p>di Chiara Subrizi<\/p>\n<h4>Ecologia integrale significa andare oltre il concetto di sostenibilit\u00e0<span style=\"font-weight: 400;\">, perch\u00e9 non ci sar\u00e0 una vera sostenibilit\u00e0 della nostra societ\u00e0 europea nel lungo periodo se questa non sar\u00e0 al contempo ambientale, umana, sociale ma anche economica per tutti gli attori che compongono la societ\u00e0 e non solo per pochi. Il mio intervento al senato italiano.<br \/>\n<\/span><span style=\"font-weight: 400;\"><a href=\"https:\/\/youtu.be\/KCEGOemOIjg\" target=\"_blank\" rel=\"noopener\"><strong>GUARDA L&#8217;INTERVENTO CLICCANDO QUI.<\/strong><\/a><\/span><\/h4>\n<\/div><\/div><\/div><\/div><\/div><div class=\"fusion-fullwidth fullwidth-box fusion-builder-row-2 fusion-flex-container nonhundred-percent-fullwidth non-hundred-percent-height-scrolling\" style=\"--awb-border-radius-top-left:0px;--awb-border-radius-top-right:0px;--awb-border-radius-bottom-right:0px;--awb-border-radius-bottom-left:0px;--awb-flex-wrap:wrap;\" ><div class=\"fusion-builder-row fusion-row fusion-flex-align-items-flex-start fusion-flex-content-wrap\" style=\"max-width:1248px;margin-left: calc(-4% \/ 2 );margin-right: calc(-4% \/ 2 );\"><div class=\"fusion-layout-column fusion_builder_column fusion-builder-column-2 fusion_builder_column_1_1 1_1 fusion-flex-column\" style=\"--awb-bg-size:cover;--awb-width-large:100%;--awb-margin-top-large:0px;--awb-spacing-right-large:1.92%;--awb-margin-bottom-large:20px;--awb-spacing-left-large:1.92%;--awb-width-medium:100%;--awb-order-medium:0;--awb-spacing-right-medium:1.92%;--awb-spacing-left-medium:1.92%;--awb-width-small:100%;--awb-order-small:0;--awb-spacing-right-small:1.92%;--awb-spacing-left-small:1.92%;\"><div class=\"fusion-column-wrapper fusion-column-has-shadow fusion-flex-justify-content-flex-start fusion-content-layout-column\"><div class=\"fusion-text fusion-text-2\"><p><span style=\"font-weight: 400;\">Sono qui (al senato) perch\u00e9 faccio parte di <\/span><b>The<\/b> <b>Economy of Francesco<\/b><span style=\"font-weight: 400;\"> (EoF): una comunit\u00e0 internazionale giovani economisti, imprenditori e innovatori sociali (ad oggi circa 3mila da 120 Paesi diversi) voluta da Papa Francesco nel maggio 2019 e che prende il nome da San Francesco di Assisi a cui sicuramente la nostra Europa\u00a0 deve moltissimo perch\u00e9 da giovane del suo tempo ha saputo imprimere una vera trasformazione sociale radicale a tutti i livelli: dalla Chiesa, alle relazioni internazionali di pace (si pensi all\u2019incontro con il Sultano) fino all\u2019economia (le prime banche, i Monti di Piet\u00e0, furono creati proprio dai francescani per andare incontro al bisogno di\u00a0 credito dei pi\u00f9 poveri, tema tutt\u2019ora attualissimo).\u00a0<\/span><\/p>\n<p><span style=\"font-weight: 400;\">Ed \u00e8 di questo coraggio e di questa radicalit\u00e0 che pensiamo abbia bisogno oggi l\u2019Europa di fronte alle sfide globali che stiamo affrontando.<\/span><\/p>\n<p><span style=\"font-weight: 400;\">Per noi questa trasformazione radicale passa dal <\/span><b>trasformare \u201cun\u2019economia che uccide alla radice\u201d<\/b><span style=\"font-weight: 400;\"> come la definisce Papa Francesco, utilizzando <\/span><b>l\u2019ecologia integrale <\/b><span style=\"font-weight: 400;\">ovvero \u201cascoltare tanto il grido della terra quanto il grido dei poveri\u201d (Laudato Si\u2019).\u00a0<\/span><\/p>\n<p><span style=\"font-weight: 400;\">Perch\u00e9 \u00e8 fondamentale partire dall\u2019ecologia integrale per un nuovo umanesimo in Europa?<\/span><span style=\"font-weight: 400;\">\u00a0 <\/span><\/p>\n<p><span style=\"font-weight: 400;\">Primo perch\u00e9 durante questa giornata abbiamo parlato di riscoprire le radici giudaico-cristiane dell\u2019Europa, ma io credo che queste radici non diventeranno feconde nuovamente nella nostra cultura europea finch\u00e9,<\/span><b> invece di rivendicarle con forza sottolineando l\u2019essere cristiani<\/b><span style=\"font-weight: 400;\"> in tutte le sedi fino a farlo diventare uno slogan politico, non <\/span><b>ci metteremo in dialogo con chi le sente lontane queste radici<\/b><span style=\"font-weight: 400;\">, t<\/span><span style=\"font-weight: 400;\">rovando ci\u00f2 che ci accomuna come esseri umani<\/span><span style=\"font-weight: 400;\">. Non \u00e8 questo forse il vero <\/span><b>umanesimo<\/b><span style=\"font-weight: 400;\">?<\/span><\/p>\n<p><span style=\"font-weight: 400;\">Proprio per questo, per la prima volta nella storia un Papa ha rivolto un\u2019enciclica, la Laudato Si\u2019, a tutti, credenti e non credenti, ed \u00e8 stata accolta da tutti e forse ancora di pi\u00f9 dai non credenti tanto che ha lasciato ad un agnostico Carlo Petrini la scrittura della prefazione.\u00a0<\/span><\/p>\n<p><span style=\"font-weight: 400;\">Su questo punto, infatti, ci tengo a sottolineare che <\/span><b>EoF non \u00e8 un movimento cristiano<\/b><span style=\"font-weight: 400;\">, ma trae la sua ricchezza proprio da un dialogo che:\u00a0\u00a0<\/span><\/p>\n<ul>\n<li style=\"font-weight: 400;\" aria-level=\"1\"><span style=\"font-weight: 400;\">\u00e8 multiculturale e interdisciplinare;\u00a0<\/span><\/li>\n<li style=\"font-weight: 400;\" aria-level=\"1\"><span style=\"font-weight: 400;\">abbraccia diverse spiritualit\u00e0;\u00a0<\/span><\/li>\n<li style=\"font-weight: 400;\" aria-level=\"1\"><span style=\"font-weight: 400;\">\u00e8 intergenerazionale, perch\u00e9 crediamo che di fronte a sfide che impattano maggiormente sulla nostra generazione non sia utile alimentare uno scontro tra generazioni additando quella precedente, ma crediamo sia pi\u00f9 fecondo coltivare la cultura dell\u2019incontro come via per trovare delle soluzioni concrete e condivise. Per questo motivo, in EoF come giovani siamo affiancati e supportati da accademici, attivisti e imprenditori senior.<\/span><\/li>\n<\/ul>\n<p><b>Ecologia integrale significa andare oltre il concetto di sostenibilit\u00e0<\/b><span style=\"font-weight: 400;\">, perch\u00e9 non ci sar\u00e0 una vera sostenibilit\u00e0 della nostra societ\u00e0 europea nel lungo periodo se questa non sar\u00e0 al contempo ambientale, umana, sociale ma anche economica per tutti gli attori che compongono la societ\u00e0 e non solo per pochi.<\/span><\/p>\n<p><span style=\"font-weight: 400;\">Nel pratico per la politica, questo significa elaborare strategie di politica economica e industriale dove <\/span><b>i costi sociali e ambientali<\/b><span style=\"font-weight: 400;\">, che sono quantificabili, <\/span><b>sono veramente pagati da chi li genera. <\/b><span style=\"font-weight: 400;\">Mentre <\/span><b>oggi a pagare il prezzo pi\u00f9 alto \u00e8 sempre chi non pu\u00f2 che subirli<\/b><span style=\"font-weight: 400;\"> ovvero i pi\u00f9 poveri. Perch\u00e9 questo? C\u2019\u00e8 una questione soprattutto di mancanza di volont\u00e0 politica a livello nazionale e internazionale.\u00a0<\/span><\/p>\n<p><span style=\"font-weight: 400;\">I <\/span><b>pi\u00f9 poveri pagano sempre il prezzo pi\u00f9 alto delle crisi<\/b><span style=\"font-weight: 400;\">: lo abbiamo stimato anche al Ministero dell\u2019economia che questo \u00e8 accaduto nella pandemia, accade ora con la guerra e accade con clima, come vediamo dai <\/span><b>25 milioni di sfollati<\/b><span style=\"font-weight: 400;\"> ogni anno cio\u00e8 <\/span><b>migranti che qualcuno chiamerebbe economici<\/b><span style=\"font-weight: 400;\"> che lo sono a causa del cambiamento climatico.\u00a0<\/span><\/p>\n<p><span style=\"font-weight: 400;\">Proprio perch\u00e9 l\u2019economia uccide alla radice come EoF cerchiamo di <\/span><b>agire sulle cause<\/b><span style=\"font-weight: 400;\">, cio\u00e8 sulla struttura del sistema, quando troppo spesso il mondo dell\u2019associazionismo e della politica sono <\/span><b>schiacciati sul tamponare le conseguenze<\/b><span style=\"font-weight: 400;\"> prodotte da iniquit\u00e0 che invece sono <\/span><span style=\"font-weight: 400;\">strutturali<\/span><span style=\"font-weight: 400;\"> ma che \u00e8 molto pi\u00f9 difille e scomodo affrontare come tali e quindi rimangono in piedi producendo uno spreco enorme di risorse pubbliche.\u00a0<\/span><\/p>\n<\/div><div class=\"fusion-separator fusion-full-width-sep\" style=\"align-self: center;margin-left: auto;margin-right: auto;flex-grow:1;margin-bottom:10px;width:100%;\"><div class=\"fusion-separator-border sep-single sep-solid\" style=\"--awb-height:20px;--awb-amount:20px;--awb-sep-color:#22325e;border-color:#22325e;border-top-width:2px;\"><\/div><\/div><div class=\"fusion-text fusion-text-3\" style=\"--awb-font-size:20px;--awb-line-height:1;--awb-letter-spacing:0px;--awb-text-font-family:&quot;Antic&quot;;--awb-text-font-style:normal;--awb-text-font-weight:400;\"><h4 style=\"text-align: center;\"><em><span style=\"color: #003366;\">I pi\u00f9 poveri pagano sempre il prezzo pi\u00f9 alto delle crisi<\/span><\/em><\/h4>\n<\/div><div class=\"fusion-separator fusion-full-width-sep\" style=\"align-self: center;margin-left: auto;margin-right: auto;flex-grow:1;margin-bottom:10px;width:100%;\"><div class=\"fusion-separator-border sep-single sep-solid\" style=\"--awb-height:20px;--awb-amount:20px;--awb-sep-color:#22325e;border-color:#22325e;border-top-width:2px;\"><\/div><\/div><div class=\"fusion-text fusion-text-4\"><h3><strong>Come agire, quindi, sulle cause?<\/strong><\/h3>\n<p><span style=\"font-weight: 400;\">Non c\u2019\u00e8 sicuramente solo una risposta, ma qui posso consegnarvi quello che \u00e8 il <\/span><b>metodo<\/b><span style=\"font-weight: 400;\"> con cui EoF sta provando a farlo ed \u00e8 un metodo in <\/span><b>tre tappe che stiamo applicando in tre direzioni<\/b><span style=\"font-weight: 400;\">. Le tre tappe sono:\u00a0<\/span><\/p>\n<ol>\n<li style=\"font-weight: 400;\" aria-level=\"1\"><b>Ascolto<\/b><span style=\"font-weight: 400;\"> tra noi di EoF con un dialogo multiculturale e interdisciplinare, ma anche ascolto e comunione con chi vive sulla propria pelle la problematica che vogliamo affrontare, esattamente come S. Francesco \u00e8 partito nella sua missione di rinnovamento dal \u201cbacio al lebbroso\u201d. Per fare un esempio sul mio lavoro, non si pu\u00f2 capire davvero quali interventi siano pi\u00f9 efficaci contro la povert\u00e0 se non ci si \u00e8 mai fermati ad ascoltare un povero, errore invece che la politica continua a fare.<\/span><\/li>\n<li style=\"font-weight: 400;\" aria-level=\"1\"><span style=\"font-weight: 400;\">Unire a questo ascolto l\u2019<\/span><b>analisi scientifica qualitativa e quantitativa <\/b><span style=\"font-weight: 400;\">come economisti, sociologi, storici, non da pubblicare solo sulle riviste scientifiche ma da mettere a servizio dello Stato, partendo dalla mappatura dei bisogni del territorio fino all\u2019analisi degli effetti che progetti e politiche producono, cosa che ancora troppo poco viene utilizzata dalla politica e dalle organizzazioni per fare scelte pi\u00f9 efficaci<\/span><\/li>\n<li style=\"font-weight: 400;\" aria-level=\"1\"><span style=\"font-weight: 400;\">\u00a0<\/span><b>Elaborare soluzioni<\/b> <b>che siano il pi\u00f9 possibile partecipate <\/b><span style=\"font-weight: 400;\">proprio perch\u00e9 partono dall\u2019ascolto dei vari attori coinvolti in una problematica.<\/span><\/li>\n<\/ol>\n<p><span style=\"font-weight: 400;\">La mancanza di questo metodo si vede, perch\u00e9 quasi sempre politiche e progetti anche ottimi sulla carta falliscono quando vengono messi a terra perch\u00e9 non si \u00e8 partiti dall\u2019ascolto dei bisogni reali, non si \u00e8 utilizzata l\u2019evidenza scientifica che indica ci\u00f2 che meglio pu\u00f2 funzionare, <\/span><span style=\"font-weight: 400;\">tipico di un Paese che non investe in ricerca e quindi anche sui suoi giovani<\/span><span style=\"font-weight: 400;\">, si sono ascoltate esigenze e a volte ricatti di grandi gruppi o corporazioni ma <\/span><b>non si \u00e8 guardato a come far collaborare in modo efficace tutti gli attori interessati sul territorio<\/b><span style=\"font-weight: 400;\">.<\/span><\/p>\n<p><span style=\"font-weight: 400;\">Questo metodo lo stiamo applicando in <\/span><b>tre direzioni<\/b><span style=\"font-weight: 400;\"> con cui pensiamo sia possibile trasformare la nostra cultura e il nostro sistema socio-economico in Europa perch\u00e9, come abbiamo visto con le tematiche ambientali, non esiste un <\/span><b>cambiamento del sistema socio-economico<\/b><span style=\"font-weight: 400;\"> accolto da una comunit\u00e0 senza un <\/span><b>cambiamento culturale alle spalle. <\/b><span style=\"font-weight: 400;\">Questo cambiamento consiste innanzitutto nel partire dalla trasformazione delle proprie scelte di vita come fece Francesco 800 anni fa spogliandosi di tutto.<\/span><\/p>\n<p><span style=\"font-weight: 400;\">Le tre direzioni sono: 1) partire dalla cultura<\/span><span style=\"font-weight: 400;\"> sviluppando e divulgando<\/span> <b>una nuova narrazione socio-economica<\/b><span style=\"font-weight: 400;\"> che si basa sull\u2019ecologia integrale;\u00a0 2) concretizzare questa narrazione in <\/span><b>progetti imprenditoriali<\/b><span style=\"font-weight: 400;\"> e 3) in <\/span><b>proposte politiche<\/b><span style=\"font-weight: 400;\">, proprio lavorando fianco a fianco tra economisti, imprenditori e innovatori sociali, cio\u00e8 chi elabora un pensiero economico e chi lo mette a terra in un processo circolare di apprendimento continuo.\u00a0<\/span><\/p>\n<\/div><\/div><\/div><div class=\"fusion-layout-column fusion_builder_column fusion-builder-column-3 fusion_builder_column_1_2 1_2 fusion-flex-column\" style=\"--awb-bg-size:cover;--awb-width-large:50%;--awb-margin-top-large:0px;--awb-spacing-right-large:3.84%;--awb-margin-bottom-large:20px;--awb-spacing-left-large:3.84%;--awb-width-medium:100%;--awb-order-medium:0;--awb-spacing-right-medium:1.92%;--awb-spacing-left-medium:1.92%;--awb-width-small:100%;--awb-order-small:0;--awb-spacing-right-small:1.92%;--awb-spacing-left-small:1.92%;\"><div class=\"fusion-column-wrapper fusion-column-has-shadow fusion-flex-justify-content-flex-start fusion-content-layout-column\"><div class=\"fusion-video fusion-youtube\" style=\"--awb-max-width:600px;--awb-max-height:360px;\"><div class=\"video-shortcode\"><lite-youtube videoid=\"KCEGOemOIjg\" class=\"landscape\" params=\"wmode=transparent&autoplay=1&amp;enablejsapi=1\" title=\"YouTube video player 1\" data-button-label=\"Play Video\" width=\"600\" height=\"360\" data-thumbnail-size=\"auto\" data-no-cookie=\"on\"><\/lite-youtube><\/div><\/div><\/div><\/div><div class=\"fusion-layout-column fusion_builder_column fusion-builder-column-4 fusion_builder_column_1_2 1_2 fusion-flex-column\" style=\"--awb-bg-size:cover;--awb-width-large:50%;--awb-margin-top-large:0px;--awb-spacing-right-large:3.84%;--awb-margin-bottom-large:20px;--awb-spacing-left-large:3.84%;--awb-width-medium:100%;--awb-order-medium:0;--awb-spacing-right-medium:1.92%;--awb-spacing-left-medium:1.92%;--awb-width-small:100%;--awb-order-small:0;--awb-spacing-right-small:1.92%;--awb-spacing-left-small:1.92%;\"><div class=\"fusion-column-wrapper fusion-column-has-shadow fusion-flex-justify-content-flex-start fusion-content-layout-column\"><div class=\"fusion-text fusion-text-5\"><p><span style=\"font-weight: 400;\">In conclusione, penso che allora la politica possa far rinascere un nuovo umanesimo in Europa partendo anche dall\u2019eredit\u00e0 di San Francesco di Assisi che oggi EoF sta incarnando nell\u2019economia, applicando questo metodo con il compito di raccogliere e mettere a sistema ci\u00f2 che gi\u00e0 funziona nel piccolo per farlo diventare una strategia di politica economica a livello nazionale e internazionale, cio\u00e8 in poche parole <\/span><b>passare dal piano delle buone pratiche a quello delle politiche.\u00a0<\/b><\/p>\n<p><span style=\"font-weight: 400;\">Allora s\u00ec che la politica sar\u00e0 nuovamente \u201cla pi\u00f9 alta forma di carit\u00e0\u201d perch\u00e9, pur nella fatica del compromesso che implica molta carit\u00e0, sar\u00e0 feconda e generativa valorizzando ci\u00f2 che di generativo gi\u00e0 esiste sul territorio. Questo significa sganciarsi dalle logiche del merito di cui tanto si parla ultimamente, per dare a tutti, soprattutto a noi giovani, l\u2019opportunit\u00e0 di essere generativi a servizio della comunit\u00e0. <\/span><\/p>\n<\/div><\/div><\/div><div class=\"fusion-layout-column fusion_builder_column fusion-builder-column-5 fusion_builder_column_1_3 1_3 fusion-flex-column\" style=\"--awb-bg-size:cover;--awb-width-large:33.333333333333%;--awb-margin-top-large:0px;--awb-spacing-right-large:5.76%;--awb-margin-bottom-large:20px;--awb-spacing-left-large:5.76%;--awb-width-medium:100%;--awb-order-medium:0;--awb-spacing-right-medium:1.92%;--awb-spacing-left-medium:1.92%;--awb-width-small:100%;--awb-order-small:0;--awb-spacing-right-small:1.92%;--awb-spacing-left-small:1.92%;\"><div class=\"fusion-column-wrapper fusion-column-has-shadow fusion-flex-justify-content-flex-start fusion-content-layout-column\"><div class=\"fusion-image-element \" style=\"text-align:right;--awb-caption-title-font-family:var(--h2_typography-font-family);--awb-caption-title-font-weight:var(--h2_typography-font-weight);--awb-caption-title-font-style:var(--h2_typography-font-style);--awb-caption-title-size:var(--h2_typography-font-size);--awb-caption-title-transform:var(--h2_typography-text-transform);--awb-caption-title-line-height:var(--h2_typography-line-height);--awb-caption-title-letter-spacing:var(--h2_typography-letter-spacing);\"><span class=\" fusion-imageframe imageframe-none imageframe-2 hover-type-none\"><img decoding=\"async\" width=\"1024\" height=\"1024\" title=\"Chiara Subrizi\" src=\"https:\/\/francescoeconomy.org\/wp-content\/uploads\/2023\/04\/Chiara-Subrizi.png\" data-orig-src=\"https:\/\/francescoeconomy.org\/wp-content\/uploads\/2023\/04\/Chiara-Subrizi-1024x1024.png\" alt class=\"lazyload img-responsive wp-image-23132\" srcset=\"data:image\/svg+xml,%3Csvg%20xmlns%3D%27http%3A%2F%2Fwww.w3.org%2F2000%2Fsvg%27%20width%3D%271080%27%20height%3D%271080%27%20viewBox%3D%270%200%201080%201080%27%3E%3Crect%20width%3D%271080%27%20height%3D%271080%27%20fill-opacity%3D%220%22%2F%3E%3C%2Fsvg%3E\" data-srcset=\"https:\/\/francescoeconomy.org\/wp-content\/uploads\/2023\/04\/Chiara-Subrizi-200x200.png 200w, https:\/\/francescoeconomy.org\/wp-content\/uploads\/2023\/04\/Chiara-Subrizi-400x400.png 400w, https:\/\/francescoeconomy.org\/wp-content\/uploads\/2023\/04\/Chiara-Subrizi-600x600.png 600w, https:\/\/francescoeconomy.org\/wp-content\/uploads\/2023\/04\/Chiara-Subrizi-800x800.png 800w, https:\/\/francescoeconomy.org\/wp-content\/uploads\/2023\/04\/Chiara-Subrizi.png 1080w\" data-sizes=\"auto\" data-orig-sizes=\"(max-width: 720px) 100vw, (max-width: 640px) 100vw, 400px\" \/><\/span><\/div><\/div><\/div><div class=\"fusion-layout-column fusion_builder_column fusion-builder-column-6 fusion_builder_column_1_2 1_2 fusion-flex-column\" style=\"--awb-bg-size:cover;--awb-width-large:50%;--awb-margin-top-large:60px;--awb-spacing-right-large:3.84%;--awb-margin-bottom-large:60px;--awb-spacing-left-large:3.84%;--awb-width-medium:100%;--awb-order-medium:0;--awb-spacing-right-medium:1.92%;--awb-spacing-left-medium:1.92%;--awb-width-small:100%;--awb-order-small:0;--awb-spacing-right-small:1.92%;--awb-spacing-left-small:1.92%;\"><div class=\"fusion-column-wrapper fusion-column-has-shadow fusion-flex-justify-content-flex-start fusion-content-layout-column\"><div class=\"fusion-text fusion-text-6\"><p><span style=\"color: #003366;\"><strong>CHIARA SUBRIZI\u00a0<\/strong><\/span><\/p>\n<p><span style=\"color: #003366;\">Chiara Subrizi \u00e8 un\u2019economista e per il Ministero dell\u2019economia<br \/>\n<\/span><span style=\"color: #003366;\">si occupa principalmente di valutare gli effetti sulla povert\u00e0 e sulla<br \/>\ndisuguaglianza economica che hanno le politiche del governo in<br \/>\nmateria fiscale e di sostegno al reddito delle famiglie.<\/span><\/p>\n<\/div><\/div><\/div><\/div><\/div><\/p>\n","protected":false},"excerpt":{"rendered":"<p>di Chiara Subrizi. Ecologia integrale significa andare oltre il concetto di sostenibilit\u00e0, perch\u00e9 non ci sar\u00e0 una vera sostenibilit\u00e0 della nostra societ\u00e0 europea nel lungo periodo se questa non sar\u00e0 al contempo ambientale, umana, sociale ma anche economica per tutti gli attori che compongono la societ\u00e0 e non solo per pochi. Il suo intervento al senato italiano.<\/p>\n","protected":false},"author":3,"featured_media":23147,"comment_status":"open","ping_status":"closed","sticky":false,"template":"","format":"standard","meta":{"footnotes":""},"categories":[377,366,16],"tags":[],"class_list":["post-23150","post","type-post","status-publish","format-standard","has-post-thumbnail","hentry","category-contemporary-challenges-it","category-eof-proview-it","category-notizie"],"yoast_head":"<!-- This site is optimized with the Yoast SEO plugin v27.4 - https:\/\/yoast.com\/product\/yoast-seo-wordpress\/ -->\n<title>Ecologia integrale: andare oltre la sostenibilit\u00e0 | The Economy of Francesco<\/title>\n<meta name=\"description\" content=\"di Chiara Subrizi. Ecologia integrale significa andare oltre il concetto di sostenibilit\u00e0, perch\u00e9 non ci sar\u00e0 una vera sostenibilit\u00e0 della nostra societ\u00e0 europea nel lungo periodo se questa non sar\u00e0 al contempo ambientale, umana, sociale ma anche economica per tutti gli attori che compongono la societ\u00e0 e non solo per pochi. Il suo intervento al senato italiano.\" \/>\n<meta name=\"robots\" content=\"index, follow, max-snippet:-1, max-image-preview:large, max-video-preview:-1\" \/>\n<link rel=\"canonical\" href=\"https:\/\/francescoeconomy.org\/it\/ecologia-integrale-andare-oltre-la-sostenibilita\/\" \/>\n<meta property=\"og:locale\" content=\"it_IT\" \/>\n<meta property=\"og:type\" content=\"article\" \/>\n<meta property=\"og:title\" content=\"Ecologia integrale: andare oltre la sostenibilit\u00e0 | The Economy of Francesco\" \/>\n<meta property=\"og:description\" content=\"di Chiara Subrizi. Ecologia integrale significa andare oltre il concetto di sostenibilit\u00e0, perch\u00e9 non ci sar\u00e0 una vera sostenibilit\u00e0 della nostra societ\u00e0 europea nel lungo periodo se questa non sar\u00e0 al contempo ambientale, umana, sociale ma anche economica per tutti gli attori che compongono la societ\u00e0 e non solo per pochi. Il suo intervento al senato italiano.\" \/>\n<meta property=\"og:url\" content=\"https:\/\/francescoeconomy.org\/it\/ecologia-integrale-andare-oltre-la-sostenibilita\/\" \/>\n<meta property=\"og:site_name\" content=\"The Economy of Francesco\" \/>\n<meta property=\"article:published_time\" content=\"2023-04-26T14:01:03+00:00\" \/>\n<meta property=\"article:modified_time\" content=\"2023-04-26T14:02:42+00:00\" \/>\n<meta property=\"og:image\" content=\"https:\/\/francescoeconomy.org\/wp-content\/uploads\/2023\/04\/Screen-Shot-2023-04-26-at-15.58.29.png\" \/>\n\t<meta property=\"og:image:width\" content=\"1560\" \/>\n\t<meta property=\"og:image:height\" content=\"876\" \/>\n\t<meta property=\"og:image:type\" content=\"image\/png\" \/>\n<meta name=\"author\" content=\"Redazione EoF2020\" \/>\n<meta name=\"twitter:card\" content=\"summary_large_image\" \/>\n<meta name=\"twitter:label1\" content=\"Scritto da\" \/>\n\t<meta name=\"twitter:data1\" content=\"Redazione EoF2020\" \/>\n\t<meta name=\"twitter:label2\" content=\"Tempo di lettura stimato\" \/>\n\t<meta name=\"twitter:data2\" content=\"11 minuti\" \/>\n<script type=\"application\/ld+json\" class=\"yoast-schema-graph\">{\"@context\":\"https:\\\/\\\/schema.org\",\"@graph\":[{\"@type\":\"Article\",\"@id\":\"https:\\\/\\\/francescoeconomy.org\\\/it\\\/ecologia-integrale-andare-oltre-la-sostenibilita\\\/#article\",\"isPartOf\":{\"@id\":\"https:\\\/\\\/francescoeconomy.org\\\/it\\\/ecologia-integrale-andare-oltre-la-sostenibilita\\\/\"},\"author\":{\"name\":\"Redazione EoF2020\",\"@id\":\"https:\\\/\\\/francescoeconomy.org\\\/#\\\/schema\\\/person\\\/0a4d32f78db94d19767e56c86230cbac\"},\"headline\":\"Ecologia integrale: andare oltre la sostenibilit\u00e0\",\"datePublished\":\"2023-04-26T14:01:03+00:00\",\"dateModified\":\"2023-04-26T14:02:42+00:00\",\"mainEntityOfPage\":{\"@id\":\"https:\\\/\\\/francescoeconomy.org\\\/it\\\/ecologia-integrale-andare-oltre-la-sostenibilita\\\/\"},\"wordCount\":4150,\"commentCount\":0,\"publisher\":{\"@id\":\"https:\\\/\\\/francescoeconomy.org\\\/#organization\"},\"image\":{\"@id\":\"https:\\\/\\\/francescoeconomy.org\\\/it\\\/ecologia-integrale-andare-oltre-la-sostenibilita\\\/#primaryimage\"},\"thumbnailUrl\":\"https:\\\/\\\/francescoeconomy.org\\\/wp-content\\\/uploads\\\/2023\\\/04\\\/Screen-Shot-2023-04-26-at-15.58.29.png\",\"articleSection\":[\"Contemporary Challenges\",\"EOF ProView IT\",\"Notizie\"],\"inLanguage\":\"it-IT\",\"potentialAction\":[{\"@type\":\"CommentAction\",\"name\":\"Comment\",\"target\":[\"https:\\\/\\\/francescoeconomy.org\\\/it\\\/ecologia-integrale-andare-oltre-la-sostenibilita\\\/#respond\"]}]},{\"@type\":\"WebPage\",\"@id\":\"https:\\\/\\\/francescoeconomy.org\\\/it\\\/ecologia-integrale-andare-oltre-la-sostenibilita\\\/\",\"url\":\"https:\\\/\\\/francescoeconomy.org\\\/it\\\/ecologia-integrale-andare-oltre-la-sostenibilita\\\/\",\"name\":\"Ecologia integrale: andare oltre la sostenibilit\u00e0 | The Economy of Francesco\",\"isPartOf\":{\"@id\":\"https:\\\/\\\/francescoeconomy.org\\\/#website\"},\"primaryImageOfPage\":{\"@id\":\"https:\\\/\\\/francescoeconomy.org\\\/it\\\/ecologia-integrale-andare-oltre-la-sostenibilita\\\/#primaryimage\"},\"image\":{\"@id\":\"https:\\\/\\\/francescoeconomy.org\\\/it\\\/ecologia-integrale-andare-oltre-la-sostenibilita\\\/#primaryimage\"},\"thumbnailUrl\":\"https:\\\/\\\/francescoeconomy.org\\\/wp-content\\\/uploads\\\/2023\\\/04\\\/Screen-Shot-2023-04-26-at-15.58.29.png\",\"datePublished\":\"2023-04-26T14:01:03+00:00\",\"dateModified\":\"2023-04-26T14:02:42+00:00\",\"description\":\"di Chiara Subrizi. Ecologia integrale significa andare oltre il concetto di sostenibilit\u00e0, perch\u00e9 non ci sar\u00e0 una vera sostenibilit\u00e0 della nostra societ\u00e0 europea nel lungo periodo se questa non sar\u00e0 al contempo ambientale, umana, sociale ma anche economica per tutti gli attori che compongono la societ\u00e0 e non solo per pochi. Il suo intervento al senato italiano.\",\"breadcrumb\":{\"@id\":\"https:\\\/\\\/francescoeconomy.org\\\/it\\\/ecologia-integrale-andare-oltre-la-sostenibilita\\\/#breadcrumb\"},\"inLanguage\":\"it-IT\",\"potentialAction\":[{\"@type\":\"ReadAction\",\"target\":[\"https:\\\/\\\/francescoeconomy.org\\\/it\\\/ecologia-integrale-andare-oltre-la-sostenibilita\\\/\"]}]},{\"@type\":\"ImageObject\",\"inLanguage\":\"it-IT\",\"@id\":\"https:\\\/\\\/francescoeconomy.org\\\/it\\\/ecologia-integrale-andare-oltre-la-sostenibilita\\\/#primaryimage\",\"url\":\"https:\\\/\\\/francescoeconomy.org\\\/wp-content\\\/uploads\\\/2023\\\/04\\\/Screen-Shot-2023-04-26-at-15.58.29.png\",\"contentUrl\":\"https:\\\/\\\/francescoeconomy.org\\\/wp-content\\\/uploads\\\/2023\\\/04\\\/Screen-Shot-2023-04-26-at-15.58.29.png\",\"width\":1560,\"height\":876},{\"@type\":\"BreadcrumbList\",\"@id\":\"https:\\\/\\\/francescoeconomy.org\\\/it\\\/ecologia-integrale-andare-oltre-la-sostenibilita\\\/#breadcrumb\",\"itemListElement\":[{\"@type\":\"ListItem\",\"position\":1,\"name\":\"Home\",\"item\":\"https:\\\/\\\/francescoeconomy.org\\\/it\\\/\"},{\"@type\":\"ListItem\",\"position\":2,\"name\":\"Ecologia integrale: andare oltre la sostenibilit\u00e0\"}]},{\"@type\":\"WebSite\",\"@id\":\"https:\\\/\\\/francescoeconomy.org\\\/#website\",\"url\":\"https:\\\/\\\/francescoeconomy.org\\\/\",\"name\":\"The Economy of Francesco\",\"description\":\"Young people, a commitment, the future\",\"publisher\":{\"@id\":\"https:\\\/\\\/francescoeconomy.org\\\/#organization\"},\"potentialAction\":[{\"@type\":\"SearchAction\",\"target\":{\"@type\":\"EntryPoint\",\"urlTemplate\":\"https:\\\/\\\/francescoeconomy.org\\\/?s={search_term_string}\"},\"query-input\":{\"@type\":\"PropertyValueSpecification\",\"valueRequired\":true,\"valueName\":\"search_term_string\"}}],\"inLanguage\":\"it-IT\"},{\"@type\":\"Organization\",\"@id\":\"https:\\\/\\\/francescoeconomy.org\\\/#organization\",\"name\":\"The Economy of Francesco\",\"url\":\"https:\\\/\\\/francescoeconomy.org\\\/\",\"logo\":{\"@type\":\"ImageObject\",\"inLanguage\":\"it-IT\",\"@id\":\"https:\\\/\\\/francescoeconomy.org\\\/#\\\/schema\\\/logo\\\/image\\\/\",\"url\":\"https:\\\/\\\/francescoeconomy.org\\\/wp-content\\\/uploads\\\/2019\\\/06\\\/Logo-EoF2020-tracciato.png\",\"contentUrl\":\"https:\\\/\\\/francescoeconomy.org\\\/wp-content\\\/uploads\\\/2019\\\/06\\\/Logo-EoF2020-tracciato.png\",\"width\":513,\"height\":513,\"caption\":\"The Economy of Francesco\"},\"image\":{\"@id\":\"https:\\\/\\\/francescoeconomy.org\\\/#\\\/schema\\\/logo\\\/image\\\/\"}},{\"@type\":\"Person\",\"@id\":\"https:\\\/\\\/francescoeconomy.org\\\/#\\\/schema\\\/person\\\/0a4d32f78db94d19767e56c86230cbac\",\"name\":\"Redazione EoF2020\",\"image\":{\"@type\":\"ImageObject\",\"inLanguage\":\"it-IT\",\"@id\":\"https:\\\/\\\/secure.gravatar.com\\\/avatar\\\/51c54530e7ca8d246384f0e18612ba96bd45ad0728553869a5bef56e89529ab9?s=96&d=mm&r=g\",\"url\":\"https:\\\/\\\/secure.gravatar.com\\\/avatar\\\/51c54530e7ca8d246384f0e18612ba96bd45ad0728553869a5bef56e89529ab9?s=96&d=mm&r=g\",\"contentUrl\":\"https:\\\/\\\/secure.gravatar.com\\\/avatar\\\/51c54530e7ca8d246384f0e18612ba96bd45ad0728553869a5bef56e89529ab9?s=96&d=mm&r=g\",\"caption\":\"Redazione EoF2020\"}}]}<\/script>\n<!-- \/ Yoast SEO plugin. -->","yoast_head_json":{"title":"Ecologia integrale: andare oltre la sostenibilit\u00e0 | The Economy of Francesco","description":"di Chiara Subrizi. Ecologia integrale significa andare oltre il concetto di sostenibilit\u00e0, perch\u00e9 non ci sar\u00e0 una vera sostenibilit\u00e0 della nostra societ\u00e0 europea nel lungo periodo se questa non sar\u00e0 al contempo ambientale, umana, sociale ma anche economica per tutti gli attori che compongono la societ\u00e0 e non solo per pochi. Il suo intervento al senato italiano.","robots":{"index":"index","follow":"follow","max-snippet":"max-snippet:-1","max-image-preview":"max-image-preview:large","max-video-preview":"max-video-preview:-1"},"canonical":"https:\/\/francescoeconomy.org\/it\/ecologia-integrale-andare-oltre-la-sostenibilita\/","og_locale":"it_IT","og_type":"article","og_title":"Ecologia integrale: andare oltre la sostenibilit\u00e0 | The Economy of Francesco","og_description":"di Chiara Subrizi. Ecologia integrale significa andare oltre il concetto di sostenibilit\u00e0, perch\u00e9 non ci sar\u00e0 una vera sostenibilit\u00e0 della nostra societ\u00e0 europea nel lungo periodo se questa non sar\u00e0 al contempo ambientale, umana, sociale ma anche economica per tutti gli attori che compongono la societ\u00e0 e non solo per pochi. Il suo intervento al senato italiano.","og_url":"https:\/\/francescoeconomy.org\/it\/ecologia-integrale-andare-oltre-la-sostenibilita\/","og_site_name":"The Economy of Francesco","article_published_time":"2023-04-26T14:01:03+00:00","article_modified_time":"2023-04-26T14:02:42+00:00","og_image":[{"width":1560,"height":876,"url":"https:\/\/francescoeconomy.org\/wp-content\/uploads\/2023\/04\/Screen-Shot-2023-04-26-at-15.58.29.png","type":"image\/png"}],"author":"Redazione EoF2020","twitter_card":"summary_large_image","twitter_misc":{"Scritto da":"Redazione EoF2020","Tempo di lettura stimato":"11 minuti"},"schema":{"@context":"https:\/\/schema.org","@graph":[{"@type":"Article","@id":"https:\/\/francescoeconomy.org\/it\/ecologia-integrale-andare-oltre-la-sostenibilita\/#article","isPartOf":{"@id":"https:\/\/francescoeconomy.org\/it\/ecologia-integrale-andare-oltre-la-sostenibilita\/"},"author":{"name":"Redazione EoF2020","@id":"https:\/\/francescoeconomy.org\/#\/schema\/person\/0a4d32f78db94d19767e56c86230cbac"},"headline":"Ecologia integrale: andare oltre la sostenibilit\u00e0","datePublished":"2023-04-26T14:01:03+00:00","dateModified":"2023-04-26T14:02:42+00:00","mainEntityOfPage":{"@id":"https:\/\/francescoeconomy.org\/it\/ecologia-integrale-andare-oltre-la-sostenibilita\/"},"wordCount":4150,"commentCount":0,"publisher":{"@id":"https:\/\/francescoeconomy.org\/#organization"},"image":{"@id":"https:\/\/francescoeconomy.org\/it\/ecologia-integrale-andare-oltre-la-sostenibilita\/#primaryimage"},"thumbnailUrl":"https:\/\/francescoeconomy.org\/wp-content\/uploads\/2023\/04\/Screen-Shot-2023-04-26-at-15.58.29.png","articleSection":["Contemporary Challenges","EOF ProView IT","Notizie"],"inLanguage":"it-IT","potentialAction":[{"@type":"CommentAction","name":"Comment","target":["https:\/\/francescoeconomy.org\/it\/ecologia-integrale-andare-oltre-la-sostenibilita\/#respond"]}]},{"@type":"WebPage","@id":"https:\/\/francescoeconomy.org\/it\/ecologia-integrale-andare-oltre-la-sostenibilita\/","url":"https:\/\/francescoeconomy.org\/it\/ecologia-integrale-andare-oltre-la-sostenibilita\/","name":"Ecologia integrale: andare oltre la sostenibilit\u00e0 | The Economy of Francesco","isPartOf":{"@id":"https:\/\/francescoeconomy.org\/#website"},"primaryImageOfPage":{"@id":"https:\/\/francescoeconomy.org\/it\/ecologia-integrale-andare-oltre-la-sostenibilita\/#primaryimage"},"image":{"@id":"https:\/\/francescoeconomy.org\/it\/ecologia-integrale-andare-oltre-la-sostenibilita\/#primaryimage"},"thumbnailUrl":"https:\/\/francescoeconomy.org\/wp-content\/uploads\/2023\/04\/Screen-Shot-2023-04-26-at-15.58.29.png","datePublished":"2023-04-26T14:01:03+00:00","dateModified":"2023-04-26T14:02:42+00:00","description":"di Chiara Subrizi. Ecologia integrale significa andare oltre il concetto di sostenibilit\u00e0, perch\u00e9 non ci sar\u00e0 una vera sostenibilit\u00e0 della nostra societ\u00e0 europea nel lungo periodo se questa non sar\u00e0 al contempo ambientale, umana, sociale ma anche economica per tutti gli attori che compongono la societ\u00e0 e non solo per pochi. Il suo intervento al senato italiano.","breadcrumb":{"@id":"https:\/\/francescoeconomy.org\/it\/ecologia-integrale-andare-oltre-la-sostenibilita\/#breadcrumb"},"inLanguage":"it-IT","potentialAction":[{"@type":"ReadAction","target":["https:\/\/francescoeconomy.org\/it\/ecologia-integrale-andare-oltre-la-sostenibilita\/"]}]},{"@type":"ImageObject","inLanguage":"it-IT","@id":"https:\/\/francescoeconomy.org\/it\/ecologia-integrale-andare-oltre-la-sostenibilita\/#primaryimage","url":"https:\/\/francescoeconomy.org\/wp-content\/uploads\/2023\/04\/Screen-Shot-2023-04-26-at-15.58.29.png","contentUrl":"https:\/\/francescoeconomy.org\/wp-content\/uploads\/2023\/04\/Screen-Shot-2023-04-26-at-15.58.29.png","width":1560,"height":876},{"@type":"BreadcrumbList","@id":"https:\/\/francescoeconomy.org\/it\/ecologia-integrale-andare-oltre-la-sostenibilita\/#breadcrumb","itemListElement":[{"@type":"ListItem","position":1,"name":"Home","item":"https:\/\/francescoeconomy.org\/it\/"},{"@type":"ListItem","position":2,"name":"Ecologia integrale: andare oltre la sostenibilit\u00e0"}]},{"@type":"WebSite","@id":"https:\/\/francescoeconomy.org\/#website","url":"https:\/\/francescoeconomy.org\/","name":"The Economy of Francesco","description":"Young people, a commitment, the future","publisher":{"@id":"https:\/\/francescoeconomy.org\/#organization"},"potentialAction":[{"@type":"SearchAction","target":{"@type":"EntryPoint","urlTemplate":"https:\/\/francescoeconomy.org\/?s={search_term_string}"},"query-input":{"@type":"PropertyValueSpecification","valueRequired":true,"valueName":"search_term_string"}}],"inLanguage":"it-IT"},{"@type":"Organization","@id":"https:\/\/francescoeconomy.org\/#organization","name":"The Economy of Francesco","url":"https:\/\/francescoeconomy.org\/","logo":{"@type":"ImageObject","inLanguage":"it-IT","@id":"https:\/\/francescoeconomy.org\/#\/schema\/logo\/image\/","url":"https:\/\/francescoeconomy.org\/wp-content\/uploads\/2019\/06\/Logo-EoF2020-tracciato.png","contentUrl":"https:\/\/francescoeconomy.org\/wp-content\/uploads\/2019\/06\/Logo-EoF2020-tracciato.png","width":513,"height":513,"caption":"The Economy of Francesco"},"image":{"@id":"https:\/\/francescoeconomy.org\/#\/schema\/logo\/image\/"}},{"@type":"Person","@id":"https:\/\/francescoeconomy.org\/#\/schema\/person\/0a4d32f78db94d19767e56c86230cbac","name":"Redazione EoF2020","image":{"@type":"ImageObject","inLanguage":"it-IT","@id":"https:\/\/secure.gravatar.com\/avatar\/51c54530e7ca8d246384f0e18612ba96bd45ad0728553869a5bef56e89529ab9?s=96&d=mm&r=g","url":"https:\/\/secure.gravatar.com\/avatar\/51c54530e7ca8d246384f0e18612ba96bd45ad0728553869a5bef56e89529ab9?s=96&d=mm&r=g","contentUrl":"https:\/\/secure.gravatar.com\/avatar\/51c54530e7ca8d246384f0e18612ba96bd45ad0728553869a5bef56e89529ab9?s=96&d=mm&r=g","caption":"Redazione EoF2020"}}]}},"_links":{"self":[{"href":"https:\/\/francescoeconomy.org\/it\/wp-json\/wp\/v2\/posts\/23150","targetHints":{"allow":["GET"]}}],"collection":[{"href":"https:\/\/francescoeconomy.org\/it\/wp-json\/wp\/v2\/posts"}],"about":[{"href":"https:\/\/francescoeconomy.org\/it\/wp-json\/wp\/v2\/types\/post"}],"author":[{"embeddable":true,"href":"https:\/\/francescoeconomy.org\/it\/wp-json\/wp\/v2\/users\/3"}],"replies":[{"embeddable":true,"href":"https:\/\/francescoeconomy.org\/it\/wp-json\/wp\/v2\/comments?post=23150"}],"version-history":[{"count":0,"href":"https:\/\/francescoeconomy.org\/it\/wp-json\/wp\/v2\/posts\/23150\/revisions"}],"wp:featuredmedia":[{"embeddable":true,"href":"https:\/\/francescoeconomy.org\/it\/wp-json\/wp\/v2\/media\/23147"}],"wp:attachment":[{"href":"https:\/\/francescoeconomy.org\/it\/wp-json\/wp\/v2\/media?parent=23150"}],"wp:term":[{"taxonomy":"category","embeddable":true,"href":"https:\/\/francescoeconomy.org\/it\/wp-json\/wp\/v2\/categories?post=23150"},{"taxonomy":"post_tag","embeddable":true,"href":"https:\/\/francescoeconomy.org\/it\/wp-json\/wp\/v2\/tags?post=23150"}],"curies":[{"name":"wp","href":"https:\/\/api.w.org\/{rel}","templated":true}]}}